{"id":10711,"date":"2020-04-11T15:35:49","date_gmt":"2020-04-11T18:35:49","guid":{"rendered":"https:\/\/www.paudalho.pe.gov.br\/portal\/?p=10711"},"modified":"2020-04-13T21:29:58","modified_gmt":"2020-04-14T00:29:58","slug":"prefeitura-do-paudalho-vai-entregar-cerca-de-120-mil-mascaras-de-tecido-para-populacao","status":"publish","type":"post","link":"https:\/\/www.paudalho.pe.gov.br\/portal\/prefeitura-do-paudalho-vai-entregar-cerca-de-120-mil-mascaras-de-tecido-para-populacao\/","title":{"rendered":"Prefeitura do Paudalho vai entregar cerca de 120 mil m\u00e1scaras de tecido para popula\u00e7\u00e3o"},"content":{"rendered":"\n<p>A Prefeitura do Paudalho, em parceria com a Cooperativa de Costura e Confec\u00e7\u00e3o, est\u00e1 produzindo cerca de 120 mil m\u00e1scaras de tecidos que ser\u00e3o entregues \u00e0 popula\u00e7\u00e3o da cidade.\u00a0<br>O objetivo da a\u00e7\u00e3o \u00e9 de proteger os cidad\u00e3os durante o enfrentamento do coronav\u00edrus. Cada pessoa vai receber duas m\u00e1scaras. A entrega ser\u00e1 realizada pela Secretaria de Sa\u00fade da cidade atrav\u00e9s dos agentes de sa\u00fade a partir desta ter\u00e7a-feira (14).\u00a0<br><br>No primeiro momento, 30 mil m\u00e1scaras ser\u00e3o disponibilizadas. \u201cN\u00f3s estamos focados em resguardar o bem-estar da popula\u00e7\u00e3o. Estamos realizando a higieniza\u00e7\u00e3o da cidade e outras tantas a\u00e7\u00f5es, mas tamb\u00e9m queremos pedir que cada cidad\u00e3o fique em casa. A luta \u00e9 de todos!\u201dcomentou o prefeito do munic\u00edpio, Marcelo Gouveia.<\/p>\n\n\n\n<figure class=\"wp-block-gallery columns-2 is-cropped wp-block-gallery-1 is-layout-flex wp-block-gallery-is-layout-flex\"><ul class=\"blocks-gallery-grid\"><li class=\"blocks-gallery-item\"><figure><img loading=\"lazy\" decoding=\"async\" width=\"1280\" height=\"853\" data-attachment-id=\"10713\" data-permalink=\"https:\/\/www.paudalho.pe.gov.br\/portal\/prefeitura-do-paudalho-vai-entregar-cerca-de-120-mil-mascaras-de-tecido-para-populacao\/0832724f-d574-40ad-a659-289756228a69\/\" data-orig-file=\"https:\/\/www.paudalho.pe.gov.br\/portal\/wp-content\/uploads\/2020\/04\/0832724F-D574-40AD-A659-289756228A69.jpeg\" data-orig-size=\"1280,853\" data-comments-opened=\"1\" data-image-meta=\"{&quot;aperture&quot;:&quot;0&quot;,&quot;credit&quot;:&quot;&quot;,&quot;camera&quot;:&quot;&quot;,&quot;caption&quot;:&quot;&quot;,&quot;created_timestamp&quot;:&quot;0&quot;,&quot;copyright&quot;:&quot;&quot;,&quot;focal_length&quot;:&quot;0&quot;,&quot;iso&quot;:&quot;0&quot;,&quot;shutter_speed&quot;:&quot;0&quot;,&quot;title&quot;:&quot;&quot;,&quot;orientation&quot;:&quot;0&quot;}\" data-image-title=\"0832724F-D574-40AD-A659-289756228A69\" data-image-description=\"\" data-image-caption=\"\" data-medium-file=\"https:\/\/www.paudalho.pe.gov.br\/portal\/wp-content\/uploads\/2020\/04\/0832724F-D574-40AD-A659-289756228A69-350x230.jpeg\" data-large-file=\"https:\/\/www.paudalho.pe.gov.br\/portal\/wp-content\/uploads\/2020\/04\/0832724F-D574-40AD-A659-289756228A69-800x450.jpeg\" src=\"https:\/\/i1.wp.com\/www.paudalho.pe.gov.br\/portal\/wp-content\/uploads\/2020\/04\/0832724F-D574-40AD-A659-289756228A69.jpeg?resize=800%2C450&amp;ssl=1\" alt=\"\" data-id=\"10713\" data-full-url=\"https:\/\/i1.wp.com\/www.paudalho.pe.gov.br\/portal\/wp-content\/uploads\/2020\/04\/0832724F-D574-40AD-A659-289756228A69.jpeg?fit=1280%2C853&amp;ssl=1\" data-link=\"https:\/\/www.paudalho.pe.gov.br\/portal\/?attachment_id=10713\" class=\"wp-image-10713\" srcset=\"https:\/\/www.paudalho.pe.gov.br\/portal\/wp-content\/uploads\/2020\/04\/0832724F-D574-40AD-A659-289756228A69.jpeg 1280w, https:\/\/www.paudalho.pe.gov.br\/portal\/wp-content\/uploads\/2020\/04\/0832724F-D574-40AD-A659-289756228A69-768x512.jpeg 768w\" sizes=\"auto, (max-width: 1280px) 100vw, 1280px\" \/><\/figure><\/li><li class=\"blocks-gallery-item\"><figure><img loading=\"lazy\" decoding=\"async\" width=\"1280\" height=\"853\" data-attachment-id=\"10714\" data-permalink=\"https:\/\/www.paudalho.pe.gov.br\/portal\/prefeitura-do-paudalho-vai-entregar-cerca-de-120-mil-mascaras-de-tecido-para-populacao\/658bfbbc-9972-46a6-964f-c932588e2bda\/\" data-orig-file=\"https:\/\/www.paudalho.pe.gov.br\/portal\/wp-content\/uploads\/2020\/04\/658BFBBC-9972-46A6-964F-C932588E2BDA.jpeg\" data-orig-size=\"1280,853\" data-comments-opened=\"1\" data-image-meta=\"{&quot;aperture&quot;:&quot;0&quot;,&quot;credit&quot;:&quot;&quot;,&quot;camera&quot;:&quot;&quot;,&quot;caption&quot;:&quot;&quot;,&quot;created_timestamp&quot;:&quot;0&quot;,&quot;copyright&quot;:&quot;&quot;,&quot;focal_length&quot;:&quot;0&quot;,&quot;iso&quot;:&quot;0&quot;,&quot;shutter_speed&quot;:&quot;0&quot;,&quot;title&quot;:&quot;&quot;,&quot;orientation&quot;:&quot;0&quot;}\" data-image-title=\"658BFBBC-9972-46A6-964F-C932588E2BDA\" data-image-description=\"\" data-image-caption=\"\" data-medium-file=\"https:\/\/www.paudalho.pe.gov.br\/portal\/wp-content\/uploads\/2020\/04\/658BFBBC-9972-46A6-964F-C932588E2BDA-350x230.jpeg\" data-large-file=\"https:\/\/www.paudalho.pe.gov.br\/portal\/wp-content\/uploads\/2020\/04\/658BFBBC-9972-46A6-964F-C932588E2BDA-800x450.jpeg\" src=\"https:\/\/i2.wp.com\/www.paudalho.pe.gov.br\/portal\/wp-content\/uploads\/2020\/04\/658BFBBC-9972-46A6-964F-C932588E2BDA.jpeg?resize=800%2C450&amp;ssl=1\" alt=\"\" data-id=\"10714\" data-full-url=\"https:\/\/i2.wp.com\/www.paudalho.pe.gov.br\/portal\/wp-content\/uploads\/2020\/04\/658BFBBC-9972-46A6-964F-C932588E2BDA.jpeg?fit=1280%2C853&amp;ssl=1\" data-link=\"https:\/\/www.paudalho.pe.gov.br\/portal\/?attachment_id=10714\" class=\"wp-image-10714\" srcset=\"https:\/\/www.paudalho.pe.gov.br\/portal\/wp-content\/uploads\/2020\/04\/658BFBBC-9972-46A6-964F-C932588E2BDA.jpeg 1280w, https:\/\/www.paudalho.pe.gov.br\/portal\/wp-content\/uploads\/2020\/04\/658BFBBC-9972-46A6-964F-C932588E2BDA-768x512.jpeg 768w\" sizes=\"auto, (max-width: 1280px) 100vw, 1280px\" \/><\/figure><\/li><\/ul><\/figure>\n","protected":false},"excerpt":{"rendered":"<p>A Prefeitura do Paudalho, em parceria com a Cooperativa de Costura e Confec\u00e7\u00e3o, est\u00e1 produzindo cerca de 120 mil m\u00e1scaras de tecidos que ser\u00e3o entregues \u00e0 popula\u00e7\u00e3o da cidade.\u00a0O objetivo da a\u00e7\u00e3o \u00e9 de proteger os cidad\u00e3os durante o enfrentamento do coronav\u00edrus. Cada pessoa vai receber duas m\u00e1scaras. A entrega ser\u00e1 realizada pela Secretaria de [&hellip;]<\/p>\n","protected":false},"author":4,"featured_media":10712,"comment_status":"open","ping_status":"open","sticky":false,"template":"","format":"standard","meta":{"_jetpack_newsletter_access":"","_jetpack_dont_email_post_to_subs":false,"_jetpack_newsletter_tier_id":0,"_jetpack_memberships_contains_paywalled_content":false,"_jetpack_memberships_contains_paid_content":false,"footnotes":""},"categories":[2,1,3],"tags":[16],"class_list":["post-10711","post","type-post","status-publish","format-standard","has-post-thumbnail","hentry","category-destaque","category-noticias","category-saude","tag-saude"],"jetpack_featured_media_url":"https:\/\/www.paudalho.pe.gov.br\/portal\/wp-content\/uploads\/2020\/04\/87A2550C-6EC5-4156-8B4F-183993424B63.jpeg","jetpack_sharing_enabled":true,"jetpack_shortlink":"https:\/\/wp.me\/p98mS2-2ML","_links":{"self":[{"href":"https:\/\/www.paudalho.pe.gov.br\/portal\/wp-json\/wp\/v2\/posts\/10711","targetHints":{"allow":["GET"]}}],"collection":[{"href":"https:\/\/www.paudalho.pe.gov.br\/portal\/wp-json\/wp\/v2\/posts"}],"about":[{"href":"https:\/\/www.paudalho.pe.gov.br\/portal\/wp-json\/wp\/v2\/types\/post"}],"author":[{"embeddable":true,"href":"https:\/\/www.paudalho.pe.gov.br\/portal\/wp-json\/wp\/v2\/users\/4"}],"replies":[{"embeddable":true,"href":"https:\/\/www.paudalho.pe.gov.br\/portal\/wp-json\/wp\/v2\/comments?post=10711"}],"version-history":[{"count":2,"href":"https:\/\/www.paudalho.pe.gov.br\/portal\/wp-json\/wp\/v2\/posts\/10711\/revisions"}],"predecessor-version":[{"id":10720,"href":"https:\/\/www.paudalho.pe.gov.br\/portal\/wp-json\/wp\/v2\/posts\/10711\/revisions\/10720"}],"wp:featuredmedia":[{"embeddable":true,"href":"https:\/\/www.paudalho.pe.gov.br\/portal\/wp-json\/wp\/v2\/media\/10712"}],"wp:attachment":[{"href":"https:\/\/www.paudalho.pe.gov.br\/portal\/wp-json\/wp\/v2\/media?parent=10711"}],"wp:term":[{"taxonomy":"category","embeddable":true,"href":"https:\/\/www.paudalho.pe.gov.br\/portal\/wp-json\/wp\/v2\/categories?post=10711"},{"taxonomy":"post_tag","embeddable":true,"href":"https:\/\/www.paudalho.pe.gov.br\/portal\/wp-json\/wp\/v2\/tags?post=10711"}],"curies":[{"name":"wp","href":"https:\/\/api.w.org\/{rel}","templated":true}]}}