{"id":10675,"date":"2020-04-09T15:33:49","date_gmt":"2020-04-09T18:33:49","guid":{"rendered":"https:\/\/www.paudalho.pe.gov.br\/portal\/?p=10675"},"modified":"2025-01-08T00:39:52","modified_gmt":"2025-01-08T03:39:52","slug":"saiba-as-datas-de-pagamento-do-auxilio-emergencial-da-caixa","status":"publish","type":"post","link":"https:\/\/www.paudalho.pe.gov.br\/portal\/saiba-as-datas-de-pagamento-do-auxilio-emergencial-da-caixa\/","title":{"rendered":"Saiba as datas de pagamento do aux\u00edlio emergencial da Caixa"},"content":{"rendered":"\n<p>Na \u00faltima ter\u00e7a-feira (7), a Caixa Econ\u00f4mica Federal disponibilizou <a href=\"https:\/\/auxilio.caixa.gov.br\/#\/inicio\" target=\"_blank\" rel=\"noreferrer noopener\" aria-label=\" (opens in a new tab)\"><strong>o site<\/strong><\/a> e um aplicativo para o recebimento do aux\u00edlio emergencial de R$ 600,00. O benef\u00edcio ser\u00e1 pago durante tr\u00eas meses e tem a finalidade de garantir uma renda m\u00ednima para cidad\u00e3os com mais de 18 anos que sejam trabalhadores aut\u00f4nomos, microempreendedores individuais (MEI), contribuintes individuais do INSS ou desempregados. De acordo com dados da Caixa, ser\u00e3o repassados cerca de 98 bilh\u00f5es de reais em aux\u00edlio durante os pr\u00f3ximos 45 dias.\u00a0<\/p>\n\n\n\n<p>A primeira parcela do benef\u00edcio ser\u00e1 depositada ainda no m\u00eas de abril. As datas de pagamento variam a depender do tipo de conta que o cidad\u00e3o possui. Como consta no site da Caixa, desde que atenda os crit\u00e9rios do aux\u00edlio, quem j\u00e1 est\u00e1 cadastrado no Cadastro \u00danico (Cad\u00danico), ou recebe o benef\u00edcio Bolsa Fam\u00edlia, ter\u00e1 a quantia paga automaticamente, sem precisar se cadastrar. Abaixo, confira as datas de pagamento do aux\u00edlio emergencial:<br><\/p>\n\n\n\n<h3 class=\"wp-block-heading\">Benefici\u00e1rios do Bolsa Fam\u00edlia<\/h3>\n\n\n\n<p>Quem recebe Bolsa Fam\u00edlia poder\u00e1 receber o aux\u00edlio emergencial desde que seja mais vantajoso, visto que, caso opte pelo benef\u00edcio, durante os tr\u00eas meses a quantia da bolsa ficar\u00e1 suspensa. As data do pagamento\u00a0do aux\u00edlio seguir\u00e3o o calend\u00e1rio j\u00e1 estabelecido pelo programa: a primeira parcela ser\u00e1 depositada nos \u00faltimos dez dias \u00fateis de abril; a segunda nos \u00faltimos dez dias \u00fateis de maio e a terceira nos \u00faltimos dez dias \u00fateis de junho. <\/p>\n\n\n\n<h3 class=\"wp-block-heading\">Benefici\u00e1rios inscritos no Cadastro \u00danico (Cad\u00danico)<\/h3>\n\n\n\n<p>Nesse grupo est\u00e3o os trabalhadores cadastrados no Cadastro \u00danico (Cad\u00danico) que n\u00e3o recebem o Bolsa Fam\u00edlia. Com o intuito de evitar aglomera\u00e7\u00f5es nas ag\u00eancias f\u00edsicas, o pagamento adotar\u00e1 como crit\u00e9rio as datas de nascimento dos trabalhadores. <\/p>\n\n\n\n<p><strong>Benefici\u00e1rios com conta no Banco do Brasil ou poupan\u00e7a na Caixa: <\/strong><\/p>\n\n\n\n<p>A primeira parcela&nbsp;estar\u00e1 dispon\u00edvel a partir desta quinta-feira, dia 9 de abril. A segunda e a terceira ser\u00e3o depositadas nas seguintes datas: <\/p>\n\n\n\n<div class=\"wp-block-columns is-layout-flex wp-container-core-columns-is-layout-9d6595d7 wp-block-columns-is-layout-flex\">\n<div class=\"wp-block-column is-layout-flow wp-block-column-is-layout-flow\">\n<p> <strong>Segunda parcela<\/strong>:<br>&#8211; 27 de abril para nascidos de janeiro a mar\u00e7o<br>&#8211; 28 de abril para nascidos de abril a junho<br>&#8211; 29 de abril para nascidos de julho a setembro<br>&#8211; 30 de abril para nascidos de outubro a dezembro <\/p>\n<\/div>\n\n\n\n<div class=\"wp-block-column is-layout-flow wp-block-column-is-layout-flow\">\n<p><strong>Terceira e \u00faltima parcela<\/strong>:<br>&#8211; 26 de maio para nascidos de janeiro a mar\u00e7o<br>&#8211; 27 de maio para nascidos de abril a junho<br>&#8211; 28 de maio para nascidos de julho a setembro<br>&#8211; 29 de maio para nascidos de outubro a dezembro <\/p>\n<\/div>\n<\/div>\n\n\n\n<p><strong>Benefici\u00e1rios que n\u00e3o possuem conta nesses bancos:<\/strong><\/p>\n\n\n\n<p>A primeira parcela\u00a0estar\u00e1 dispon\u00edvel a partir da pr\u00f3xima ter\u00e7a-feira, dia 14 de abril.  <\/p>\n\n\n\n<div class=\"wp-block-columns is-layout-flex wp-container-core-columns-is-layout-9d6595d7 wp-block-columns-is-layout-flex\">\n<div class=\"wp-block-column is-layout-flow wp-block-column-is-layout-flow\">\n<p> <strong>Segunda parcela<\/strong>:<br>&#8211; 27 de abril para nascidos de janeiro a mar\u00e7o<br>&#8211; 28 de abril para nascidos de abril a junho<br>&#8211; 29 de abril para nascidos de julho a setembro<br>&#8211; 30 de abril para nascidos de outubro a dezembro <\/p>\n<\/div>\n\n\n\n<div class=\"wp-block-column is-layout-flow wp-block-column-is-layout-flow\">\n<p> <strong>Terceira e \u00faltima parcela<\/strong>:<br>&#8211; 26 de maio para nascidos de janeiro a mar\u00e7o<br>&#8211; 27 de maio para nascidos de abril a junho<br>&#8211; 28 de maio para nascidos de julho a setembro<br>&#8211; 29 de maio para nascidos de outubro a dezembro <\/p>\n<\/div>\n<\/div>\n\n\n\n<h3 class=\"wp-block-heading\">Outros trabalhadores beneficiados<\/h3>\n\n\n\n<p>A a\u00e7\u00e3o do Governo Federal tamb\u00e9m tem o objetivo de inserir o cidad\u00e3o que n\u00e3o tem conta em banco no sistema financeiro de forma gratuita e com a possibilidade de realiza\u00e7\u00e3o transfer\u00eancias sem custos adicionais. Por isso, os benefici\u00e1rios que n\u00e3o tem uma conta banc\u00e1ria devem <a href=\"https:\/\/auxilio.caixa.gov.br\/#\/inicio\">abrir uma digital<\/a>. Por meio dela ser\u00e1 poss\u00edvel realizar transfer\u00eancias e pagamentos de d\u00edvidas de consumo. Posteriormente, tamb\u00e9m estar\u00e1 dispon\u00edvel a fun\u00e7\u00e3o de saque.\u00a0<\/p>\n\n\n\n<p>Visto que nem todos os brasileiros tem acesso a internet, a cria\u00e7\u00e3o dessa conta tamb\u00e9m pode ser realizada nas ag\u00eancias da Caixa e casas lot\u00e9ricas. Depois de realizar o cadastro, a primeira parcela\u00a0estar\u00e1 dispon\u00edvel em at\u00e9 cinco dias \u00fateis, com in\u00edcio no dia 14 de abril.   <\/p>\n\n\n\n<div class=\"wp-block-columns is-layout-flex wp-container-core-columns-is-layout-9d6595d7 wp-block-columns-is-layout-flex\">\n<div class=\"wp-block-column is-layout-flow wp-block-column-is-layout-flow\">\n<p><strong> Pagamento da segunda parcela<br><\/strong>&#8211; 27 de abril para nascidos de janeiro a mar\u00e7o<br>&#8211; 28 de abril para nascidos de abril a junho<br>&#8211; 29 de abril para nascidos de julho a setembro<br>&#8211; 30 de abril para nascidos de outubro a dezembro <\/p>\n<\/div>\n\n\n\n<div class=\"wp-block-column is-layout-flow wp-block-column-is-layout-flow\">\n<p><strong>Pagamento da terceira e \u00faltima parcela:<br><\/strong>&#8211; 26 de maio para nascidos de janeiro a mar\u00e7o<br>&#8211; 27 de maio para nascidos de abril a junho<br>&#8211; 28 de maio para nascidos de julho a setembro<br>&#8211; 29 de maio para nascidos de outubro a dezembro <\/p>\n<\/div>\n<\/div>\n\n\n\n<p><\/p>\n","protected":false},"excerpt":{"rendered":"<p>Na \u00faltima ter\u00e7a-feira (7), a Caixa Econ\u00f4mica Federal disponibilizou o site e um aplicativo para o recebimento do aux\u00edlio emergencial de R$ 600,00. O benef\u00edcio ser\u00e1 pago durante tr\u00eas meses e tem a finalidade de garantir uma renda m\u00ednima para cidad\u00e3os com mais de 18 anos que sejam trabalhadores aut\u00f4nomos, microempreendedores individuais (MEI), contribuintes individuais [&hellip;]<\/p>\n","protected":false},"author":6,"featured_media":10699,"comment_status":"open","ping_status":"open","sticky":false,"template":"","format":"standard","meta":{"_jetpack_newsletter_access":"","_jetpack_dont_email_post_to_subs":false,"_jetpack_newsletter_tier_id":0,"_jetpack_memberships_contains_paywalled_content":false,"_jetpack_memberships_contains_paid_content":false,"footnotes":""},"categories":[2,42,1],"tags":[636,639,640],"class_list":["post-10675","post","type-post","status-publish","format-standard","has-post-thumbnail","hentry","category-destaque","category-economia","category-noticias","tag-auxilio-emergencial","tag-caixa-economica-federal","tag-paga"],"jetpack_featured_media_url":"https:\/\/www.paudalho.pe.gov.br\/portal\/wp-content\/uploads\/2020\/04\/Mat\u00e9ria.jpg","jetpack_sharing_enabled":true,"jetpack_shortlink":"https:\/\/wp.me\/p98mS2-2Mb","_links":{"self":[{"href":"https:\/\/www.paudalho.pe.gov.br\/portal\/wp-json\/wp\/v2\/posts\/10675","targetHints":{"allow":["GET"]}}],"collection":[{"href":"https:\/\/www.paudalho.pe.gov.br\/portal\/wp-json\/wp\/v2\/posts"}],"about":[{"href":"https:\/\/www.paudalho.pe.gov.br\/portal\/wp-json\/wp\/v2\/types\/post"}],"author":[{"embeddable":true,"href":"https:\/\/www.paudalho.pe.gov.br\/portal\/wp-json\/wp\/v2\/users\/6"}],"replies":[{"embeddable":true,"href":"https:\/\/www.paudalho.pe.gov.br\/portal\/wp-json\/wp\/v2\/comments?post=10675"}],"version-history":[{"count":22,"href":"https:\/\/www.paudalho.pe.gov.br\/portal\/wp-json\/wp\/v2\/posts\/10675\/revisions"}],"predecessor-version":[{"id":10700,"href":"https:\/\/www.paudalho.pe.gov.br\/portal\/wp-json\/wp\/v2\/posts\/10675\/revisions\/10700"}],"wp:featuredmedia":[{"embeddable":true,"href":"https:\/\/www.paudalho.pe.gov.br\/portal\/wp-json\/wp\/v2\/media\/10699"}],"wp:attachment":[{"href":"https:\/\/www.paudalho.pe.gov.br\/portal\/wp-json\/wp\/v2\/media?parent=10675"}],"wp:term":[{"taxonomy":"category","embeddable":true,"href":"https:\/\/www.paudalho.pe.gov.br\/portal\/wp-json\/wp\/v2\/categories?post=10675"},{"taxonomy":"post_tag","embeddable":true,"href":"https:\/\/www.paudalho.pe.gov.br\/portal\/wp-json\/wp\/v2\/tags?post=10675"}],"curies":[{"name":"wp","href":"https:\/\/api.w.org\/{rel}","templated":true}]}}