{"id":10508,"date":"2020-03-28T14:58:22","date_gmt":"2020-03-28T17:58:22","guid":{"rendered":"https:\/\/www.paudalho.pe.gov.br\/portal\/?p=10508"},"modified":"2020-03-28T14:58:22","modified_gmt":"2020-03-28T17:58:22","slug":"em-paudalho-cerca-de-62-dos-idosos-acima-de-60-anos-ja-foram-vacinados-contra-a-gripe","status":"publish","type":"post","link":"https:\/\/www.paudalho.pe.gov.br\/portal\/em-paudalho-cerca-de-62-dos-idosos-acima-de-60-anos-ja-foram-vacinados-contra-a-gripe\/","title":{"rendered":"Em Paudalho, cerca de 62% dos idosos acima de 60 anos j\u00e1 foram vacinados contra a gripe"},"content":{"rendered":"\n<p>Na \u00faltima segunda-feira, dia 23 de mar\u00e7o, o Minist\u00e9rio da Sa\u00fade (MS) deu in\u00edcio a Campanha Nacional de Vacina\u00e7\u00e3o contra a Gripe. No munic\u00edpio de Paudalho, Zona da Mata de Pernambuco, cerca de 62,51% da popula\u00e7\u00e3o idosa com mais de 60 anos j\u00e1 foi imunizada. Nessa primeira etapa, que vai at\u00e9 o dia 15 de abril, a vacina\u00e7\u00e3o est\u00e1 sendo realizada em domic\u00edlio, visto que essa parcela do p\u00fablico faz parte do grupo de risco para o novo coronav\u00edrus. Como divulgado pelo Minist\u00e9rio, o isolamento domiciliar \u00e9 uma das principais medidas preventivas para conter a pandemia da Covid-19. <\/p>\n\n\n\n<p>Al\u00e9m dos idosos, nessa fase da campanha o foco da vacina\u00e7\u00e3o tamb\u00e9m \u00e9 nos profissionais da \u00e1rea de sa\u00fade. Em Paudalho, cerca de 73,44% desses trabalhadores j\u00e1 receberam a dose da vacina que, segundo dados do Minist\u00e9rio da Sa\u00fade (MS),  protege contra os tr\u00eas v\u00edrus que mais circularam no hemisf\u00e9rio sul em 2019: Influenza A (H1N1), Influenza B e Influenza A (H3N2). Ainda de acordo com a institui\u00e7\u00e3o, a vacina n\u00e3o t\u00eam efic\u00e1cia contra o novo coronav\u00edrus, mas auxilia na redu\u00e7\u00e3o da procura por servi\u00e7os de sa\u00fade, evitando aglomera\u00e7\u00f5es nas Unidades de Sa\u00fade, e na exclus\u00e3o do diagn\u00f3stico para Covid-19, uma vez que os sintomas de ambas as doen\u00e7as s\u00e3o semelhantes. <\/p>\n\n\n\n<figure class=\"wp-block-image size-large\"><img loading=\"lazy\" decoding=\"async\" width=\"720\" height=\"480\" data-attachment-id=\"10534\" data-permalink=\"https:\/\/www.paudalho.pe.gov.br\/portal\/em-paudalho-cerca-de-62-dos-idosos-acima-de-60-anos-ja-foram-vacinados-contra-a-gripe\/whatsapp-image-2020-03-28-at-14-42-27\/\" data-orig-file=\"https:\/\/www.paudalho.pe.gov.br\/portal\/wp-content\/uploads\/2020\/03\/WhatsApp-Image-2020-03-28-at-14.42.27.jpeg\" data-orig-size=\"720,480\" data-comments-opened=\"1\" data-image-meta=\"{&quot;aperture&quot;:&quot;0&quot;,&quot;credit&quot;:&quot;&quot;,&quot;camera&quot;:&quot;&quot;,&quot;caption&quot;:&quot;&quot;,&quot;created_timestamp&quot;:&quot;0&quot;,&quot;copyright&quot;:&quot;&quot;,&quot;focal_length&quot;:&quot;0&quot;,&quot;iso&quot;:&quot;0&quot;,&quot;shutter_speed&quot;:&quot;0&quot;,&quot;title&quot;:&quot;&quot;,&quot;orientation&quot;:&quot;0&quot;}\" data-image-title=\"WhatsApp-Image-2020-03-28-at-14.42.27\" data-image-description=\"\" data-image-caption=\"\" data-medium-file=\"https:\/\/www.paudalho.pe.gov.br\/portal\/wp-content\/uploads\/2020\/03\/WhatsApp-Image-2020-03-28-at-14.42.27-350x230.jpeg\" data-large-file=\"https:\/\/www.paudalho.pe.gov.br\/portal\/wp-content\/uploads\/2020\/03\/WhatsApp-Image-2020-03-28-at-14.42.27-720x450.jpeg\" src=\"https:\/\/i2.wp.com\/www.paudalho.pe.gov.br\/portal\/wp-content\/uploads\/2020\/03\/WhatsApp-Image-2020-03-28-at-14.42.27.jpeg?resize=720%2C450&amp;ssl=1\" alt=\"\" class=\"wp-image-10534\"\/><figcaption><em>Enfermeira aplica dose de vacina contra gripe em homem com mais de 60 anos morador da cidade de Paudalho. Foto: Cortesia\/Secretaria Municipal de Sa\u00fade.<\/em><\/figcaption><\/figure>\n\n\n\n<p>A imuniza\u00e7\u00e3o \u00e9 a ferramenta mais poderosa para prevenir o ataque do v\u00edrus influenza em pessoas acima dos 60 anos. A coordenadora do Programa Nacional de Imuniza\u00e7\u00f5es (PNI), Anielle Louren\u00e7o, explica o porqu\u00ea \u00e9 fundamental que os idosos sejam prioridade neste momento:  &#8220;\u00c0 medida em que envelhecemos, ocorre a chamada &#8216;imunosceness\u00eancia&#8217;, que consiste em mudan\u00e7as pelas quais o sistema imunol\u00f3gico passa e que podem enfraquecer a capacidade de se defender de infec\u00e7\u00f5es, tumores e doen\u00e7as autoimunes. Um idoso vacinado, caso apresente a gripe, ser\u00e1 menos impactado pelo v\u00edrus e reduzir\u00e1 as chances de ter complica\u00e7\u00f5es decorrentes da doen\u00e7a, como ataques card\u00edacos e derrames.&#8221;. <\/p>\n\n\n\n<p>A profissional ainda complementa que a imuniza\u00e7\u00e3o em idosos est\u00e1 amplamente associada \u00e0 redu\u00e7\u00e3o das interna\u00e7\u00f5es devido \u00e0s doen\u00e7as card\u00edacas, cerebrovasculares, pneumonia ou influenza e do risco de morte a elas relacionado. O objetivo \u00e9 que at\u00e9 o final da primeira etapa da campanha todos os idosos do munic\u00edpio sejam vacinados, contudo, \u00e9 essencial que haja calma por parte dessa parcela da popula\u00e7\u00e3o, uma vez que a a\u00e7\u00e3o \u00e9 realizada a medida que novas doses da vacina s\u00e3o recebidas.<\/p>\n\n\n\n<p><\/p>\n","protected":false},"excerpt":{"rendered":"<p>Mais da metade da popula\u00e7\u00e3o idosa acima dos 60 anos j\u00e1 recebeu a dose da vacina contra a gripe. Nessa primeira fase da campanha de imuniza\u00e7\u00e3o, que vai at\u00e9 o dia 15 de abril, o foco \u00e9 nos idosos e nos profissionais da \u00e1rea de sa\u00fade. <\/p>\n","protected":false},"author":6,"featured_media":10509,"comment_status":"open","ping_status":"open","sticky":false,"template":"","format":"standard","meta":{"_jetpack_newsletter_access":"","_jetpack_dont_email_post_to_subs":false,"_jetpack_newsletter_tier_id":0,"_jetpack_memberships_contains_paywalled_content":false,"_jetpack_memberships_contains_paid_content":false,"footnotes":""},"categories":[2,1,3],"tags":[287,623,168,635],"class_list":["post-10508","post","type-post","status-publish","format-standard","has-post-thumbnail","hentry","category-destaque","category-noticias","category-saude","tag-influenza","tag-medidas-preventivas","tag-secretaria-de-saude","tag-vacinacao-contra-a-gripe"],"jetpack_featured_media_url":"https:\/\/www.paudalho.pe.gov.br\/portal\/wp-content\/uploads\/2020\/03\/WhatsApp-Image-2020-03-28-at-12.53.15.jpeg","jetpack_sharing_enabled":true,"jetpack_shortlink":"https:\/\/wp.me\/p98mS2-2Ju","_links":{"self":[{"href":"https:\/\/www.paudalho.pe.gov.br\/portal\/wp-json\/wp\/v2\/posts\/10508","targetHints":{"allow":["GET"]}}],"collection":[{"href":"https:\/\/www.paudalho.pe.gov.br\/portal\/wp-json\/wp\/v2\/posts"}],"about":[{"href":"https:\/\/www.paudalho.pe.gov.br\/portal\/wp-json\/wp\/v2\/types\/post"}],"author":[{"embeddable":true,"href":"https:\/\/www.paudalho.pe.gov.br\/portal\/wp-json\/wp\/v2\/users\/6"}],"replies":[{"embeddable":true,"href":"https:\/\/www.paudalho.pe.gov.br\/portal\/wp-json\/wp\/v2\/comments?post=10508"}],"version-history":[{"count":27,"href":"https:\/\/www.paudalho.pe.gov.br\/portal\/wp-json\/wp\/v2\/posts\/10508\/revisions"}],"predecessor-version":[{"id":10538,"href":"https:\/\/www.paudalho.pe.gov.br\/portal\/wp-json\/wp\/v2\/posts\/10508\/revisions\/10538"}],"wp:featuredmedia":[{"embeddable":true,"href":"https:\/\/www.paudalho.pe.gov.br\/portal\/wp-json\/wp\/v2\/media\/10509"}],"wp:attachment":[{"href":"https:\/\/www.paudalho.pe.gov.br\/portal\/wp-json\/wp\/v2\/media?parent=10508"}],"wp:term":[{"taxonomy":"category","embeddable":true,"href":"https:\/\/www.paudalho.pe.gov.br\/portal\/wp-json\/wp\/v2\/categories?post=10508"},{"taxonomy":"post_tag","embeddable":true,"href":"https:\/\/www.paudalho.pe.gov.br\/portal\/wp-json\/wp\/v2\/tags?post=10508"}],"curies":[{"name":"wp","href":"https:\/\/api.w.org\/{rel}","templated":true}]}}