{"id":10436,"date":"2020-03-18T17:31:01","date_gmt":"2020-03-18T20:31:01","guid":{"rendered":"https:\/\/www.paudalho.pe.gov.br\/portal\/?p=10436"},"modified":"2025-01-08T00:39:52","modified_gmt":"2025-01-08T03:39:52","slug":"coronavirus-programacao-do-santuario-de-sao-severino-dos-ramos-sera-interditada-a-partir-deste-domingo-22","status":"publish","type":"post","link":"https:\/\/www.paudalho.pe.gov.br\/portal\/coronavirus-programacao-do-santuario-de-sao-severino-dos-ramos-sera-interditada-a-partir-deste-domingo-22\/","title":{"rendered":"Coronav\u00edrus: Programa\u00e7\u00e3o do Santu\u00e1rio de S\u00e3o Severino dos Ramos ser\u00e1 interditada a partir deste domingo (22)"},"content":{"rendered":"\n<p>Devido a pandemia do novo coronav\u00edrus, a partir deste domingo (22) as atividades do Santu\u00e1rio de S\u00e3o Severino dos Ramos, localizado no munic\u00edpio de Paudalho, ser\u00e3o interrompidas por tempo indeterminado. A suspens\u00e3o das celebra\u00e7\u00f5es e peregrina\u00e7\u00f5es ao local, que \u00e9 um dos principais polos de romaria do pa\u00eds, atende as normas institu\u00eddas no <a rel=\"noreferrer noopener\" aria-label=\"Decreto Municipal N\u00famero 122 (opens in a new tab)\" href=\"https:\/\/www.paudalho.pe.gov.br\/portal\/prefeitura-do-paudalho-cria-comite-de-enfrentamento-da-crise-coronavirus-cecc\/\" target=\"_blank\">Decreto Municipal N\u00famero 122<\/a>, de 17 de mar\u00e7o de 2020, que veta eventos com grande quantidade de pessoas. A norma tem o intuito de evitar a prolifera\u00e7\u00e3o da COVID-19, doen\u00e7a provocada pelo novo v\u00edrus. <\/p>\n\n\n\n<p>Desde abril de 2018 a romaria de S\u00e3o Severino dos Ramos  \u00e9  reconhecida por lei como patrim\u00f4nio cultural, religioso imaterial no munic\u00edpio de Paudalho. O tradicional &#8220;Domingo de Ramos&#8221; atrai milhares de pessoas vindas de v\u00e1rias partes do Brasil. &#8220;Devemos evitar ao m\u00e1ximo grandes aglomerados (&#8230;) a partir de domingo S\u00e3o Severino estar\u00e1 fechado para as prociss\u00f5es e \u00e9 bom que a gente observe tudo isso e tome certas precau\u00e7\u00f5es se recolhendo um pouco.&#8221;, explica o Padre Pedro Francisco do Nascimento. <\/p>\n\n\n\n<figure class=\"wp-block-image size-large\"><img loading=\"lazy\" decoding=\"async\" width=\"1280\" height=\"719\" data-attachment-id=\"10437\" data-permalink=\"https:\/\/www.paudalho.pe.gov.br\/portal\/coronavirus-programacao-do-santuario-de-sao-severino-dos-ramos-sera-interditada-a-partir-deste-domingo-22\/whatsapp-image-2020-03-18-at-14-21-22\/\" data-orig-file=\"https:\/\/www.paudalho.pe.gov.br\/portal\/wp-content\/uploads\/2020\/03\/WhatsApp-Image-2020-03-18-at-14.21.22.jpeg\" data-orig-size=\"1280,719\" data-comments-opened=\"1\" data-image-meta=\"{&quot;aperture&quot;:&quot;0&quot;,&quot;credit&quot;:&quot;&quot;,&quot;camera&quot;:&quot;&quot;,&quot;caption&quot;:&quot;&quot;,&quot;created_timestamp&quot;:&quot;0&quot;,&quot;copyright&quot;:&quot;&quot;,&quot;focal_length&quot;:&quot;0&quot;,&quot;iso&quot;:&quot;0&quot;,&quot;shutter_speed&quot;:&quot;0&quot;,&quot;title&quot;:&quot;&quot;,&quot;orientation&quot;:&quot;0&quot;}\" data-image-title=\"WhatsApp-Image-2020-03-18-at-14.21.22\" data-image-description=\"\" data-image-caption=\"\" data-medium-file=\"https:\/\/www.paudalho.pe.gov.br\/portal\/wp-content\/uploads\/2020\/03\/WhatsApp-Image-2020-03-18-at-14.21.22-350x230.jpeg\" data-large-file=\"https:\/\/www.paudalho.pe.gov.br\/portal\/wp-content\/uploads\/2020\/03\/WhatsApp-Image-2020-03-18-at-14.21.22-800x450.jpeg\" src=\"https:\/\/i0.wp.com\/www.paudalho.pe.gov.br\/portal\/wp-content\/uploads\/2020\/03\/WhatsApp-Image-2020-03-18-at-14.21.22.jpeg?resize=800%2C450&amp;ssl=1\" alt=\"\" class=\"wp-image-10437\" srcset=\"https:\/\/www.paudalho.pe.gov.br\/portal\/wp-content\/uploads\/2020\/03\/WhatsApp-Image-2020-03-18-at-14.21.22.jpeg 1280w, https:\/\/www.paudalho.pe.gov.br\/portal\/wp-content\/uploads\/2020\/03\/WhatsApp-Image-2020-03-18-at-14.21.22-800x450.jpeg 800w, https:\/\/www.paudalho.pe.gov.br\/portal\/wp-content\/uploads\/2020\/03\/WhatsApp-Image-2020-03-18-at-14.21.22-768x431.jpeg 768w\" sizes=\"auto, (max-width: 1280px) 100vw, 1280px\" \/><figcaption><em>Padre Pedro Francisco do Nascimento na Igreja Matriz do Divino Esp\u00edrito Santo, localizada na \u00e1rea central do munic\u00edpio de Paudalho. Foto: Isak de Castro.  <\/em><\/figcaption><\/figure>\n\n\n\n<p>A interfer\u00eancia nas atividades foi anunciada por meio de nota divulgada pela Diocese de Nazar\u00e9, a qual a Par\u00f3quia de Paudalho faz parte. No texto, constam recomenda\u00e7\u00f5es aos fi\u00e9is cat\u00f3licos de como agir mediante a situa\u00e7\u00e3o emergencial. Al\u00e9m da interdi\u00e7\u00e3o do santu\u00e1rio, h\u00e1 instru\u00e7\u00f5es para a suspens\u00e3o da catequese (primeira eucaristia, crisma e catequese de adultos), cursos, escolas de f\u00e9 e Escola Teol\u00f3gica. Assim tamb\u00e9m como encontros, confraterniza\u00e7\u00f5es, prociss\u00f5es p\u00fablicas, vias-sacras p\u00fablicas, encena\u00e7\u00f5es da Paix\u00e3o de Cristo,\u00a0festas, eventos e aglomera\u00e7\u00f5es acima de 100 pessoas at\u00e9 o dia 30 de abril. Tamb\u00e9m est\u00e3o suspensos os mutir\u00f5es de confiss\u00e3o e os batismos que tenham grandes concentra\u00e7\u00f5es. <\/p>\n\n\n\n<p>Ainda de acordo com a nota, os fi\u00e9is poder\u00e3o optar em participar das celebra\u00e7\u00f5es das Missas dominicais e nos demais dias de preceito na Igreja, sem aglomera\u00e7\u00f5es de pessoas\u00a0 e recebendo a comunh\u00e3o somente na m\u00e3o, ou acompanh\u00e1-la pelos ve\u00edculos de comunica\u00e7\u00e3o (TVs, R\u00e1dios, internet e demais meios cat\u00f3licos). Aos idosos e demais pessoas que fazem parte do grupo de risco para desenvolver o COVID-19 \u00e9 refor\u00e7ado que a liturgia seja acompanhada de suas casas. Os fi\u00e9is ainda s\u00e3o instru\u00eddos a evitarem o aperto de m\u00e3o, a omitirem o abra\u00e7o da paz , a n\u00e3o rezar a ora\u00e7\u00e3o do Pai-Nosso de m\u00e3os dadas e a receberem a comunh\u00e3o na m\u00e3o. <\/p>\n\n\n\n<p><\/p>\n\n\n\n<div class=\"wp-block-file\"><a href=\"https:\/\/www.paudalho.pe.gov.br\/portal\/wp-content\/uploads\/2020\/03\/Nota-da-Diocese-de-Nazar\u00e9-sobre-a-preven\u00e7\u00e3o-ao-coronav\u00edrus-covid-19.pdf\">Confira a nota da Diocese de Nazar\u00e9 sobre a preven\u00e7\u00e3o ao coronav\u00edrus (COVID-19) na \u00edntegra.<\/a><a href=\"https:\/\/www.paudalho.pe.gov.br\/portal\/wp-content\/uploads\/2020\/03\/Nota-da-Diocese-de-Nazar\u00e9-sobre-a-preven\u00e7\u00e3o-ao-coronav\u00edrus-covid-19.pdf\" class=\"wp-block-file__button\" download>Baixar<\/a><\/div>\n","protected":false},"excerpt":{"rendered":"<p>A suspens\u00e3o das celebra\u00e7\u00f5es e peregrina\u00e7\u00f5es ao local, que \u00e9 um dos principais polos de romaria do pa\u00eds, atende as normas institu\u00eddas no Decreto Municipal N\u00famero 122, de 17 de mar\u00e7o de 2020, que veta eventos com grande quantidade de pessoas. A norma tem o intuito de evitar a prolifera\u00e7\u00e3o da COVID-19, doen\u00e7a provocada pelo novo v\u00edrus. <\/p>\n","protected":false},"author":6,"featured_media":10443,"comment_status":"open","ping_status":"open","sticky":false,"template":"","format":"standard","meta":{"_jetpack_newsletter_access":"","_jetpack_dont_email_post_to_subs":false,"_jetpack_newsletter_tier_id":0,"_jetpack_memberships_contains_paywalled_content":false,"_jetpack_memberships_contains_paid_content":false,"footnotes":""},"categories":[32,2,1,3],"tags":[621,622,623,277],"class_list":["post-10436","post","type-post","status-publish","format-standard","has-post-thumbnail","hentry","category-comunicado","category-destaque","category-noticias","category-saude","tag-coronavirus","tag-covid-19","tag-medidas-preventivas","tag-sao-severino-dos-ramos"],"jetpack_featured_media_url":"https:\/\/www.paudalho.pe.gov.br\/portal\/wp-content\/uploads\/2020\/03\/WhatsApp-Image-2020-03-18-at-15.26.53.jpeg","jetpack_sharing_enabled":true,"jetpack_shortlink":"https:\/\/wp.me\/p98mS2-2Ik","_links":{"self":[{"href":"https:\/\/www.paudalho.pe.gov.br\/portal\/wp-json\/wp\/v2\/posts\/10436","targetHints":{"allow":["GET"]}}],"collection":[{"href":"https:\/\/www.paudalho.pe.gov.br\/portal\/wp-json\/wp\/v2\/posts"}],"about":[{"href":"https:\/\/www.paudalho.pe.gov.br\/portal\/wp-json\/wp\/v2\/types\/post"}],"author":[{"embeddable":true,"href":"https:\/\/www.paudalho.pe.gov.br\/portal\/wp-json\/wp\/v2\/users\/6"}],"replies":[{"embeddable":true,"href":"https:\/\/www.paudalho.pe.gov.br\/portal\/wp-json\/wp\/v2\/comments?post=10436"}],"version-history":[{"count":20,"href":"https:\/\/www.paudalho.pe.gov.br\/portal\/wp-json\/wp\/v2\/posts\/10436\/revisions"}],"predecessor-version":[{"id":10464,"href":"https:\/\/www.paudalho.pe.gov.br\/portal\/wp-json\/wp\/v2\/posts\/10436\/revisions\/10464"}],"wp:featuredmedia":[{"embeddable":true,"href":"https:\/\/www.paudalho.pe.gov.br\/portal\/wp-json\/wp\/v2\/media\/10443"}],"wp:attachment":[{"href":"https:\/\/www.paudalho.pe.gov.br\/portal\/wp-json\/wp\/v2\/media?parent=10436"}],"wp:term":[{"taxonomy":"category","embeddable":true,"href":"https:\/\/www.paudalho.pe.gov.br\/portal\/wp-json\/wp\/v2\/categories?post=10436"},{"taxonomy":"post_tag","embeddable":true,"href":"https:\/\/www.paudalho.pe.gov.br\/portal\/wp-json\/wp\/v2\/tags?post=10436"}],"curies":[{"name":"wp","href":"https:\/\/api.w.org\/{rel}","templated":true}]}}