{"id":10428,"date":"2020-03-17T10:56:58","date_gmt":"2020-03-17T13:56:58","guid":{"rendered":"https:\/\/www.paudalho.pe.gov.br\/portal\/?p=10428"},"modified":"2020-03-17T11:34:01","modified_gmt":"2020-03-17T14:34:01","slug":"prefeitura-do-paudalho-cria-comite-de-enfrentamento-da-crise-coronavirus-cecc","status":"publish","type":"post","link":"https:\/\/www.paudalho.pe.gov.br\/portal\/prefeitura-do-paudalho-cria-comite-de-enfrentamento-da-crise-coronavirus-cecc\/","title":{"rendered":"Prefeitura do Paudalho cria Comit\u00ea de Enfrentamento da Crise-Coronav\u00edrus (CECC)"},"content":{"rendered":"\n<p>A Prefeitura do Paudalho criou o Comit\u00ea de Enfrentamento da Crise-Coronav\u00edrus (CECC). De acordo com o Decreto Municipal N\u00famero 122, divulgado nesta ter\u00e7a-feira (17), a delega\u00e7\u00e3o tem objetivo de acompanhar as a\u00e7\u00f5es de combate \u00e0 epidemia, bem como adotar medidas que se fazem necess\u00e1rias no \u00e2mbito do munic\u00edpio de Paudalho.&nbsp;<\/p>\n\n\n\n<p>O Comit\u00ea \u00e9 composto pelo Gabinete do Prefeito, Secretaria de Sa\u00fade, Procuradoria, Secretaria de Desenvolvimento e Assist\u00eancia Social, Guarda Civil, Defesa Civil, Secretaria de Desenvolvimento Urbano e Agr\u00e1rio e ainda a Comiss\u00e3o Permanente de Licita\u00e7\u00e3o e a Ger\u00eancia de Comunica\u00e7\u00e3o.&nbsp;<\/p>\n\n\n\n<p>O decreto aponta algumas medidas, entre elas: a suspens\u00e3o de eventos com presen\u00e7a igual ou superior a 500 pessoas, a suspens\u00e3o das aulas (Rede P\u00fablica e Particular) a partir da quarta-feira, dia 18 de mar\u00e7o, entre outros pontos.&nbsp;<\/p>\n\n\n\n<div class=\"wp-block-file\"><a href=\"blob:https:\/\/www.paudalho.pe.gov.br\/64381fbd-a80b-471c-91a4-9d74109a2092\">Confira o decreto completo aqui e todas as medidas em rela\u00e7\u00e3o ao enfrentamento da pandemia do coronav\u00edrus!<\/a><a href=\"blob:https:\/\/www.paudalho.pe.gov.br\/64381fbd-a80b-471c-91a4-9d74109a2092\" class=\"wp-block-file__button\" download>Baixar<\/a><\/div>\n\n\n\n<h3 class=\"wp-block-heading\">Secretaria de Sa\u00fade adota medidas<\/h3>\n\n\n\n<p>Ap\u00f3s reuni\u00e3o nesta segunda-feira (16), a Secretaria de Sa\u00fade tamb\u00e9m divulgou algumas medidas que ser\u00e3o adotadas na cidade. Confira a lista:&nbsp;<\/p>\n\n\n\n<p>1- Os atendimentos na UPA 24H Paudalho ser\u00e3o limitados para casos de extrema urg\u00eancia e emerg\u00eancia. Como forma de evitar a transmiss\u00e3o e a contamina\u00e7\u00e3o pelo coronav\u00edrus, ser\u00e1 restrito o acesso de acompanhantes nas consultas.&nbsp;\u2800\u2800\u2800\u2800<\/p>\n\n\n\n<p>2-Est\u00e3o temporariamente suspensas as cirurgias eletivas.<\/p>\n\n\n\n<p>3- N\u00e3o ser\u00e3o realizadas as coletas de exames laboratoriais de rotina, exceto exames para gestantes, urg\u00eancias e emerg\u00eancias.&nbsp;\u2800\u2800<\/p>\n\n\n\n<p>4-Ficam suspensos tamb\u00e9m os Tratamentos Fora do Domic\u00edlio (TFD) de consultas ambulatoriais de especialidades, com exce\u00e7\u00e3o para o tratamento de hemodi\u00e1lise, quimioterapia e outros que requerem cuidados cont\u00ednuos.\u2800\u2800\u2800\u2800&nbsp;<\/p>\n\n\n\n<p>5-De acordo com a resolu\u00e7\u00e3o do Conselho Federal de Odontologia (CFO) e do Conselho Regional de Odontologia (CRO) ser\u00e3o adiados atendimentos odontol\u00f3gicos que n\u00e3o sejam de emerg\u00eancia e urg\u00eancia, assim tamb\u00e9m como a realiza\u00e7\u00e3o de pr\u00f3teses dent\u00e1rias.&nbsp;\u2800\u2800\u2800\u2800<\/p>\n\n\n\n<p>6-Recomenda-se que trabalhadores, tanto do setor p\u00fablico quanto privado, com idade igual ou superior a 60 anos sejam liberados de seus of\u00edcios, desde que permane\u00e7am em domic\u00edlio.&nbsp;\u2800\u2800\u2800\u2800<\/p>\n\n\n\n<p>7-De imediato, mediante o car\u00e1ter emergencial do coronav\u00edrus, ser\u00e3o suspensas as f\u00e9rias para todos os profissionais de sa\u00fade. Ser\u00e3o realizados treinamentos para os profissionais dessa \u00e1rea. Se necess\u00e1rio, novos m\u00e9dicos, enfermeiros e t\u00e9cnicos de enfermagem v\u00e3o ser contratados com urg\u00eancia.&nbsp;\u2800\u2800\u2800\u2800&nbsp;<\/p>\n\n\n\n<p>8-Como j\u00e1 institu\u00eddo, eventos que tenham grande n\u00famero de pessoas est\u00e3o vetados. Tamb\u00e9m est\u00e3o suspensas as atividades nas academias da sa\u00fade.\u2800\u2800\u2800\u2800<\/p>\n\n\n\n<p>9-Servi\u00e7os p\u00fablicos e privados devem disponibilizar locais para clientes lavarem as m\u00e3os. \u00c9 de grande import\u00e2ncia refor\u00e7ar a desinfec\u00e7\u00e3o dos banheiros desses estabelecimentos e garantir que os mesmos tenham \u00e1gua, sab\u00e3o e papel toalha.&nbsp;\u2800\u2800\u2800\u2800<\/p>\n\n\n\n<p>10-De acordo com orienta\u00e7\u00e3o do Governo de Pernambuco, a partir desta quarta-feira (18), est\u00e3o suspensas as aulas de escolas p\u00fablicas e privadas em todos os munic\u00edpios do estado.&nbsp;\u2800\u2800\u2800\u2800<\/p>\n\n\n\n<p>11-Os \u00f4nibus de transporte universit\u00e1rio tamb\u00e9m estar\u00e3o suspensos<\/p>\n","protected":false},"excerpt":{"rendered":"<p>A Prefeitura do Paudalho criou o Comit\u00ea de Enfrentamento da Crise-Coronav\u00edrus (CECC). De acordo com o Decreto Municipal N\u00famero 122, divulgado nesta ter\u00e7a-feira (17), a delega\u00e7\u00e3o tem objetivo de acompanhar as a\u00e7\u00f5es de combate \u00e0 epidemia, bem como adotar medidas que se fazem necess\u00e1rias no \u00e2mbito do munic\u00edpio de Paudalho.&nbsp; O Comit\u00ea \u00e9 composto pelo [&hellip;]<\/p>\n","protected":false},"author":4,"featured_media":10434,"comment_status":"open","ping_status":"open","sticky":false,"template":"","format":"standard","meta":{"_jetpack_newsletter_access":"","_jetpack_dont_email_post_to_subs":false,"_jetpack_newsletter_tier_id":0,"_jetpack_memberships_contains_paywalled_content":false,"_jetpack_memberships_contains_paid_content":false,"footnotes":""},"categories":[2,1,3],"tags":[16],"class_list":["post-10428","post","type-post","status-publish","format-standard","has-post-thumbnail","hentry","category-destaque","category-noticias","category-saude","tag-saude"],"jetpack_featured_media_url":"https:\/\/www.paudalho.pe.gov.br\/portal\/wp-content\/uploads\/2020\/03\/917A502D-543F-4882-A915-0BFD16894154.jpeg","jetpack_sharing_enabled":true,"jetpack_shortlink":"https:\/\/wp.me\/p98mS2-2Ic","_links":{"self":[{"href":"https:\/\/www.paudalho.pe.gov.br\/portal\/wp-json\/wp\/v2\/posts\/10428","targetHints":{"allow":["GET"]}}],"collection":[{"href":"https:\/\/www.paudalho.pe.gov.br\/portal\/wp-json\/wp\/v2\/posts"}],"about":[{"href":"https:\/\/www.paudalho.pe.gov.br\/portal\/wp-json\/wp\/v2\/types\/post"}],"author":[{"embeddable":true,"href":"https:\/\/www.paudalho.pe.gov.br\/portal\/wp-json\/wp\/v2\/users\/4"}],"replies":[{"embeddable":true,"href":"https:\/\/www.paudalho.pe.gov.br\/portal\/wp-json\/wp\/v2\/comments?post=10428"}],"version-history":[{"count":1,"href":"https:\/\/www.paudalho.pe.gov.br\/portal\/wp-json\/wp\/v2\/posts\/10428\/revisions"}],"predecessor-version":[{"id":10430,"href":"https:\/\/www.paudalho.pe.gov.br\/portal\/wp-json\/wp\/v2\/posts\/10428\/revisions\/10430"}],"wp:featuredmedia":[{"embeddable":true,"href":"https:\/\/www.paudalho.pe.gov.br\/portal\/wp-json\/wp\/v2\/media\/10434"}],"wp:attachment":[{"href":"https:\/\/www.paudalho.pe.gov.br\/portal\/wp-json\/wp\/v2\/media?parent=10428"}],"wp:term":[{"taxonomy":"category","embeddable":true,"href":"https:\/\/www.paudalho.pe.gov.br\/portal\/wp-json\/wp\/v2\/categories?post=10428"},{"taxonomy":"post_tag","embeddable":true,"href":"https:\/\/www.paudalho.pe.gov.br\/portal\/wp-json\/wp\/v2\/tags?post=10428"}],"curies":[{"name":"wp","href":"https:\/\/api.w.org\/{rel}","templated":true}]}}