{"id":10353,"date":"2020-03-09T13:09:31","date_gmt":"2020-03-09T16:09:31","guid":{"rendered":"https:\/\/www.paudalho.pe.gov.br\/portal\/?p=10353"},"modified":"2020-03-09T13:20:07","modified_gmt":"2020-03-09T16:20:07","slug":"prefeitura-do-paudalho-realiza-programacao-especial-em-comemoracao-ao-mes-da-mulher","status":"publish","type":"post","link":"https:\/\/www.paudalho.pe.gov.br\/portal\/prefeitura-do-paudalho-realiza-programacao-especial-em-comemoracao-ao-mes-da-mulher\/","title":{"rendered":"Prefeitura do Paudalho realiza programa\u00e7\u00e3o especial em comemora\u00e7\u00e3o ao M\u00eas da Mulher"},"content":{"rendered":"\n<p>Uma programa\u00e7\u00e3o educativa, saud\u00e1vel e recreativa  para as mulheres do nosso munic\u00edpio ser\u00e1 realizada entre esta ter\u00e7a-feira (10) e a sexta-feira, dia  20 de mar\u00e7o. Durante o per\u00edodo, a Prefeitura do Paudalho vai comemorar o M\u00eas da Mulher com uma a\u00e7\u00e3o que contar\u00e1 com palestras, din\u00e2micas e atividades recreativas nas Unidades B\u00e1sicas de Sa\u00fade (UBSs) das comunidade de Ch\u00e3 Alegre, Ch\u00e3 de Cruz, Ch\u00e3 do Conselho, Rosarinho e Desterro, Usina Mussurepe e Guadalajara.<\/p>\n\n\n\n<p>As atividades ser\u00e3o realizadas em uma a\u00e7\u00e3o conjunta entre as Secretarias de Desenvolvimento e Assist\u00eancia Social, Sa\u00fade, Cultura e Turismo, Educa\u00e7\u00e3o, Governo e ainda Coordenadoria da Mulher, Casa dos Conselhos, Conselho Municipal dos Direitos da Mulher e Academia da Sa\u00fade. <\/p>\n\n\n\n<p>A a\u00e7\u00e3o contar\u00e1  com profissionais dos equipamentos do Centro de Refer\u00eancia de Assist\u00eancia Social (CRAS), Centro de Refer\u00eancia Especializado de Assist\u00eancia Social (CREAS), Academia da Sa\u00fade e Servi\u00e7o de Conviv\u00eancia e Fortalecimento de V\u00ednculos.<\/p>\n\n\n\n<h3 class=\"wp-block-heading\">Mulheres ganham atendimento <\/h3>\n\n\n\n<p>O encerramento ser\u00e1 realizado na sexta-feira (20), na Pra\u00e7a Pedro Coutinho, no Centro da cidade e contar\u00e1 com aul\u00e3o da Academia da Sa\u00fade, aferi\u00e7\u00e3o de press\u00e3o, corte de cabelo, manicure, sorteios de brindes e muito mais. A programa\u00e7\u00e3o come\u00e7ar\u00e1 \u00e0s 8h e seguir\u00e1 at\u00e9 \u00e0s 12h.  Voc\u00ea \u00e9 a nossa convidada especial, n\u00e3o perca esta celebra\u00e7\u00e3o!<\/p>\n","protected":false},"excerpt":{"rendered":"<p>Uma programa\u00e7\u00e3o educativa, saud\u00e1vel e recreativa para as mulheres do nosso munic\u00edpio ser\u00e1 realizada entre esta ter\u00e7a-feira (10) e a sexta-feira, dia 20 de mar\u00e7o. Durante o per\u00edodo, a Prefeitura do Paudalho vai comemorar o M\u00eas da Mulher com uma a\u00e7\u00e3o que contar\u00e1 com palestras, din\u00e2micas e atividades recreativas nas Unidades B\u00e1sicas de Sa\u00fade (UBSs) [&hellip;]<\/p>\n","protected":false},"author":4,"featured_media":10354,"comment_status":"open","ping_status":"open","sticky":false,"template":"","format":"standard","meta":{"_jetpack_newsletter_access":"","_jetpack_dont_email_post_to_subs":false,"_jetpack_newsletter_tier_id":0,"_jetpack_memberships_contains_paywalled_content":false,"_jetpack_memberships_contains_paid_content":false,"footnotes":""},"categories":[2,1],"tags":[615],"class_list":["post-10353","post","type-post","status-publish","format-standard","has-post-thumbnail","hentry","category-destaque","category-noticias","tag-mes-da-mulher"],"jetpack_featured_media_url":"https:\/\/www.paudalho.pe.gov.br\/portal\/wp-content\/uploads\/2020\/03\/29075703-3ce3-4d36-9e59-0561047a0076.jpg","jetpack_sharing_enabled":true,"jetpack_shortlink":"https:\/\/wp.me\/p98mS2-2GZ","_links":{"self":[{"href":"https:\/\/www.paudalho.pe.gov.br\/portal\/wp-json\/wp\/v2\/posts\/10353","targetHints":{"allow":["GET"]}}],"collection":[{"href":"https:\/\/www.paudalho.pe.gov.br\/portal\/wp-json\/wp\/v2\/posts"}],"about":[{"href":"https:\/\/www.paudalho.pe.gov.br\/portal\/wp-json\/wp\/v2\/types\/post"}],"author":[{"embeddable":true,"href":"https:\/\/www.paudalho.pe.gov.br\/portal\/wp-json\/wp\/v2\/users\/4"}],"replies":[{"embeddable":true,"href":"https:\/\/www.paudalho.pe.gov.br\/portal\/wp-json\/wp\/v2\/comments?post=10353"}],"version-history":[{"count":4,"href":"https:\/\/www.paudalho.pe.gov.br\/portal\/wp-json\/wp\/v2\/posts\/10353\/revisions"}],"predecessor-version":[{"id":10358,"href":"https:\/\/www.paudalho.pe.gov.br\/portal\/wp-json\/wp\/v2\/posts\/10353\/revisions\/10358"}],"wp:featuredmedia":[{"embeddable":true,"href":"https:\/\/www.paudalho.pe.gov.br\/portal\/wp-json\/wp\/v2\/media\/10354"}],"wp:attachment":[{"href":"https:\/\/www.paudalho.pe.gov.br\/portal\/wp-json\/wp\/v2\/media?parent=10353"}],"wp:term":[{"taxonomy":"category","embeddable":true,"href":"https:\/\/www.paudalho.pe.gov.br\/portal\/wp-json\/wp\/v2\/categories?post=10353"},{"taxonomy":"post_tag","embeddable":true,"href":"https:\/\/www.paudalho.pe.gov.br\/portal\/wp-json\/wp\/v2\/tags?post=10353"}],"curies":[{"name":"wp","href":"https:\/\/api.w.org\/{rel}","templated":true}]}}