{"id":10347,"date":"2020-03-09T11:31:59","date_gmt":"2020-03-09T14:31:59","guid":{"rendered":"https:\/\/www.paudalho.pe.gov.br\/portal\/?p=10347"},"modified":"2020-03-09T11:37:15","modified_gmt":"2020-03-09T14:37:15","slug":"educacao-realiza-cadastramento-e-recadastramento-para-usuarios-do-transporte-universitario-do-municipio","status":"publish","type":"post","link":"https:\/\/www.paudalho.pe.gov.br\/portal\/educacao-realiza-cadastramento-e-recadastramento-para-usuarios-do-transporte-universitario-do-municipio\/","title":{"rendered":"Educa\u00e7\u00e3o realiza cadastramento e recadastramento para usu\u00e1rios do transporte universit\u00e1rio do munic\u00edpio"},"content":{"rendered":"\n<p>A Prefeitura do Paudalho por meio da Secretaria de Educa\u00e7\u00e3o abriu as inscri\u00e7\u00f5es para cadastramento e recadastramento dos usu\u00e1rios do transporte universit\u00e1rio do munic\u00edpio. <\/p>\n\n\n\n<p>O processo deve ser realizado por estudantes que estejam regularmente matriculados em institui\u00e7\u00e3o de ensino superior ou t\u00e9cnico, ou qualquer institui\u00e7\u00e3o de ensino reconhecida pelo Minist\u00e9rio da Educa\u00e7\u00e3o (MEC), em Recife, Carpina, Limoeiro e Nazar\u00e9 da Mata, no primeiro semestre de 2020.<\/p>\n\n\n\n<p>O cadastramento ou recadastramento pode ser realizado de forma presencial, na sede da Secretaria de Educa\u00e7\u00e3o, que fica pr\u00f3ximo da Pra\u00e7a Pedro Coutinho, no Centro da cidade ou pelo site, <a href=\"https:\/\/sites.google.com\/view\/transporteuniversitario\/in%C3%ADcio\">acesse aqu<\/a>i! O edital completo tamb\u00e9m encontra no endere\u00e7o. <\/p>\n","protected":false},"excerpt":{"rendered":"<p>A Prefeitura do Paudalho por meio da Secretaria de Educa\u00e7\u00e3o abriu as inscri\u00e7\u00f5es para cadastramento e recadastramento dos usu\u00e1rios do transporte universit\u00e1rio do munic\u00edpio. O processo deve ser realizado por estudantes que estejam regularmente matriculados em institui\u00e7\u00e3o de ensino superior ou t\u00e9cnico, ou qualquer institui\u00e7\u00e3o de ensino reconhecida pelo Minist\u00e9rio da Educa\u00e7\u00e3o (MEC), em Recife, [&hellip;]<\/p>\n","protected":false},"author":4,"featured_media":10350,"comment_status":"open","ping_status":"open","sticky":false,"template":"","format":"standard","meta":{"_jetpack_newsletter_access":"","_jetpack_dont_email_post_to_subs":false,"_jetpack_newsletter_tier_id":0,"_jetpack_memberships_contains_paywalled_content":false,"_jetpack_memberships_contains_paid_content":false,"footnotes":""},"categories":[2,520,1],"tags":[30,248,14],"class_list":["post-10347","post","type-post","status-publish","format-standard","has-post-thumbnail","hentry","category-destaque","category-educacao-2","category-noticias","tag-educacao","tag-inscricao","tag-paudalho"],"jetpack_featured_media_url":"https:\/\/www.paudalho.pe.gov.br\/portal\/wp-content\/uploads\/2020\/03\/colhido-vista-maos-digitando-laptop_1262-3196.jpg","jetpack_sharing_enabled":true,"jetpack_shortlink":"https:\/\/wp.me\/p98mS2-2GT","_links":{"self":[{"href":"https:\/\/www.paudalho.pe.gov.br\/portal\/wp-json\/wp\/v2\/posts\/10347","targetHints":{"allow":["GET"]}}],"collection":[{"href":"https:\/\/www.paudalho.pe.gov.br\/portal\/wp-json\/wp\/v2\/posts"}],"about":[{"href":"https:\/\/www.paudalho.pe.gov.br\/portal\/wp-json\/wp\/v2\/types\/post"}],"author":[{"embeddable":true,"href":"https:\/\/www.paudalho.pe.gov.br\/portal\/wp-json\/wp\/v2\/users\/4"}],"replies":[{"embeddable":true,"href":"https:\/\/www.paudalho.pe.gov.br\/portal\/wp-json\/wp\/v2\/comments?post=10347"}],"version-history":[{"count":4,"href":"https:\/\/www.paudalho.pe.gov.br\/portal\/wp-json\/wp\/v2\/posts\/10347\/revisions"}],"predecessor-version":[{"id":10352,"href":"https:\/\/www.paudalho.pe.gov.br\/portal\/wp-json\/wp\/v2\/posts\/10347\/revisions\/10352"}],"wp:featuredmedia":[{"embeddable":true,"href":"https:\/\/www.paudalho.pe.gov.br\/portal\/wp-json\/wp\/v2\/media\/10350"}],"wp:attachment":[{"href":"https:\/\/www.paudalho.pe.gov.br\/portal\/wp-json\/wp\/v2\/media?parent=10347"}],"wp:term":[{"taxonomy":"category","embeddable":true,"href":"https:\/\/www.paudalho.pe.gov.br\/portal\/wp-json\/wp\/v2\/categories?post=10347"},{"taxonomy":"post_tag","embeddable":true,"href":"https:\/\/www.paudalho.pe.gov.br\/portal\/wp-json\/wp\/v2\/tags?post=10347"}],"curies":[{"name":"wp","href":"https:\/\/api.w.org\/{rel}","templated":true}]}}