{"id":1033,"date":"2017-09-08T22:14:52","date_gmt":"2017-09-09T01:14:52","guid":{"rendered":"http:\/\/www.paudalho.pe.gov.br\/portal\/?p=1033"},"modified":"2017-09-22T01:08:17","modified_gmt":"2017-09-22T04:08:17","slug":"prefeitura-oferece-curso-de-empreendedorismo-do-sebrae-para-alunos-do-eja-e-ensino-medio","status":"publish","type":"post","link":"https:\/\/www.paudalho.pe.gov.br\/portal\/prefeitura-oferece-curso-de-empreendedorismo-do-sebrae-para-alunos-do-eja-e-ensino-medio\/","title":{"rendered":"Prefeitura oferece curso de empreendedorismo do SEBRAE para alunos do EJA e Ensino M\u00e9dio"},"content":{"rendered":"<p>Com o objetivo de capacitar \u00a0e despertar o lado empreendedor de alunos paudalhenses<b>, <\/b>a\u00a0Prefeitura do Paudalho, por meio da Secretaria de Desenvolvimento Agr\u00e1rio e Abastecimento, oferece o \u00a0curso \u201cCrescendo e Empreendendo com o SEBRAE\u201d. A programa\u00e7\u00e3o ser\u00e1 realizada atrav\u00e9s da Sala do Empreendedor Individual e do Servi\u00e7o Brasileiro de Apoio \u00e0s Micro e Pequenas Empresas (SEBRAE). O ensino \u00e9 voltado para\u00a0alunos da Educa\u00e7\u00e3o de Jovens e Adultos (EJA) e Ensino M\u00e9dio.<\/p>\n<p>As atividades ocorrem de segunda (11) a \u00a0quarta-feira (13) \u00a0nas escolas Herculano Bandeira, Mosenhor Landelino Barreto Lins, Jo\u00e3o Cavalcante Petribu e Confedera\u00e7\u00e3o do Equador. O curso tem dura\u00e7\u00e3o de 12h dividas em tr\u00eas dias.<\/p>\n<h2><strong>Inscri\u00e7\u00f5es abertas<\/strong><\/h2>\n<p>Olha a oportunidade para quem trabalha com doces de festa! Imagina uma capacita\u00e7\u00e3o no ramo e totalmente de gra\u00e7a? Com o intuito de ajudar o pequeno empreendedor, tamb\u00e9m \u00e9 ofertado o curso Gest\u00e3o de Neg\u00f3cios em Doces Para Festa, de forma totalmente gratuita.<\/p>\n<p>O ensino faz parte do Projeto Ideia, tamb\u00e9m do SEBRAE. As matriculas online podem ser feitas at\u00e9 este s\u00e1bado (9), no site <a href=\"https:\/\/sistemas.sempetq.pe.gov.br\/sima\/inscricao_login\/\">www.sempetq.pe.gov.br.<\/a>\u00a0Entre os dias 14 e 15, as inscri\u00e7\u00f5es s\u00e3o presenciais na Secret\u00e1ria Executiva de Desenvolvimento Agr\u00e1rio e Abastecimento, que fica na Rua Governador Miguel, S\/N, centro de Paudalho.<\/p>\n<h2><strong>Quem \u00e9 o SEBRAE?\u00a0<\/strong><\/h2>\n<p>\u00e9 um servi\u00e7o social aut\u00f4nomo brasileiro, parte integrante do Sistema S que ajuda o desenvolvimento de micro e pequenas empresas, estimulando o empreendedorismo em todo o Brasil. A Prefeitura do Paudalho, atrav\u00e9s de parceria, visa promover o desenvolvimento do munic\u00edpio.<\/p>\n","protected":false},"excerpt":{"rendered":"<p>Com o objetivo de capacitar \u00a0e despertar o lado empreendedor de alunos paudalhenses, a\u00a0Prefeitura do Paudalho, por meio da Secretaria de Desenvolvimento Agr\u00e1rio e Abastecimento, oferece o \u00a0curso \u201cCrescendo e Empreendendo com o SEBRAE\u201d. A programa\u00e7\u00e3o ser\u00e1 realizada atrav\u00e9s da Sala do Empreendedor Individual e do Servi\u00e7o Brasileiro de Apoio \u00e0s Micro e Pequenas Empresas [&hellip;]<\/p>\n","protected":false},"author":4,"featured_media":1034,"comment_status":"open","ping_status":"open","sticky":false,"template":"","format":"standard","meta":{"_jetpack_newsletter_access":"","_jetpack_dont_email_post_to_subs":false,"_jetpack_newsletter_tier_id":0,"_jetpack_memberships_contains_paywalled_content":false,"_jetpack_memberships_contains_paid_content":false,"footnotes":""},"categories":[2,1],"tags":[117,14,118],"class_list":["post-1033","post","type-post","status-publish","format-standard","has-post-thumbnail","hentry","category-destaque","category-noticias","tag-curso","tag-paudalho","tag-sebrae"],"jetpack_featured_media_url":"https:\/\/www.paudalho.pe.gov.br\/portal\/wp-content\/uploads\/2017\/09\/WhatsApp-Image-2017-09-08-at-18.18.34.jpeg","jetpack_sharing_enabled":true,"jetpack_shortlink":"https:\/\/wp.me\/p98mS2-gF","_links":{"self":[{"href":"https:\/\/www.paudalho.pe.gov.br\/portal\/wp-json\/wp\/v2\/posts\/1033","targetHints":{"allow":["GET"]}}],"collection":[{"href":"https:\/\/www.paudalho.pe.gov.br\/portal\/wp-json\/wp\/v2\/posts"}],"about":[{"href":"https:\/\/www.paudalho.pe.gov.br\/portal\/wp-json\/wp\/v2\/types\/post"}],"author":[{"embeddable":true,"href":"https:\/\/www.paudalho.pe.gov.br\/portal\/wp-json\/wp\/v2\/users\/4"}],"replies":[{"embeddable":true,"href":"https:\/\/www.paudalho.pe.gov.br\/portal\/wp-json\/wp\/v2\/comments?post=1033"}],"version-history":[{"count":6,"href":"https:\/\/www.paudalho.pe.gov.br\/portal\/wp-json\/wp\/v2\/posts\/1033\/revisions"}],"predecessor-version":[{"id":1053,"href":"https:\/\/www.paudalho.pe.gov.br\/portal\/wp-json\/wp\/v2\/posts\/1033\/revisions\/1053"}],"wp:featuredmedia":[{"embeddable":true,"href":"https:\/\/www.paudalho.pe.gov.br\/portal\/wp-json\/wp\/v2\/media\/1034"}],"wp:attachment":[{"href":"https:\/\/www.paudalho.pe.gov.br\/portal\/wp-json\/wp\/v2\/media?parent=1033"}],"wp:term":[{"taxonomy":"category","embeddable":true,"href":"https:\/\/www.paudalho.pe.gov.br\/portal\/wp-json\/wp\/v2\/categories?post=1033"},{"taxonomy":"post_tag","embeddable":true,"href":"https:\/\/www.paudalho.pe.gov.br\/portal\/wp-json\/wp\/v2\/tags?post=1033"}],"curies":[{"name":"wp","href":"https:\/\/api.w.org\/{rel}","templated":true}]}}