{"id":10316,"date":"2020-03-08T10:08:33","date_gmt":"2020-03-08T13:08:33","guid":{"rendered":"https:\/\/www.paudalho.pe.gov.br\/portal\/?p=10316"},"modified":"2025-01-08T00:39:52","modified_gmt":"2025-01-08T03:39:52","slug":"paudalho-prolonga-folia-com-celebracoes-da-ressaca-do-carnaval","status":"publish","type":"post","link":"https:\/\/www.paudalho.pe.gov.br\/portal\/paudalho-prolonga-folia-com-celebracoes-da-ressaca-do-carnaval\/","title":{"rendered":"Paudalho prolonga folia com celebra\u00e7\u00f5es da Ressaca do Carnaval"},"content":{"rendered":"\n<p>Em Paudalho a Festa de Momo s\u00f3 acaba em mar\u00e7o! Na noite do \u00faltimo s\u00e1bado (7), o munic\u00edpio foi tomado pelo clima carnavalesco em uma verdadeira Ressaca do Carnaval. A programa\u00e7\u00e3o teve in\u00edcio \u00e0s 20h com o desfile dos tr\u00eas tradicionais clubes da cidade: Cruzeiro do Sul, Estrela e Lenhadores do Paudalho. Com alegorias coloridas e orquestras de frevo, as apresenta\u00e7\u00f5es ocorreram nas principais ruas e reuniram foli\u00f5es preparados para se divertir com os cortejos.\u00a0\u00a0<\/p>\n\n\n\n<figure class=\"wp-block-image size-large\"><img loading=\"lazy\" decoding=\"async\" width=\"800\" height=\"450\" data-attachment-id=\"10326\" data-permalink=\"https:\/\/www.paudalho.pe.gov.br\/portal\/paudalho-prolonga-folia-com-celebracoes-da-ressaca-do-carnaval\/whatsapp-image-2020-03-08-at-08-20-22\/\" data-orig-file=\"https:\/\/www.paudalho.pe.gov.br\/portal\/wp-content\/uploads\/2020\/03\/WhatsApp-Image-2020-03-08-at-08.20.22.jpeg\" data-orig-size=\"1280,853\" data-comments-opened=\"1\" data-image-meta=\"{&quot;aperture&quot;:&quot;0&quot;,&quot;credit&quot;:&quot;&quot;,&quot;camera&quot;:&quot;&quot;,&quot;caption&quot;:&quot;&quot;,&quot;created_timestamp&quot;:&quot;0&quot;,&quot;copyright&quot;:&quot;&quot;,&quot;focal_length&quot;:&quot;0&quot;,&quot;iso&quot;:&quot;0&quot;,&quot;shutter_speed&quot;:&quot;0&quot;,&quot;title&quot;:&quot;&quot;,&quot;orientation&quot;:&quot;0&quot;}\" data-image-title=\"Clube Lenhadores de Paudalho\" data-image-description=\"\" data-image-caption=\"&lt;p&gt;O desfile dos clubes da cidade, Cruzeiro do Sul, Estrela e Lenhadores de Paudalho, j\u00e1 \u00e9 uma tradi\u00e7\u00e3o consagrada no munic\u00edpio. Foto: Isak de Castro\/PMP. &lt;\/p&gt;\n\" data-medium-file=\"https:\/\/www.paudalho.pe.gov.br\/portal\/wp-content\/uploads\/2020\/03\/WhatsApp-Image-2020-03-08-at-08.20.22-350x230.jpeg\" data-large-file=\"https:\/\/www.paudalho.pe.gov.br\/portal\/wp-content\/uploads\/2020\/03\/WhatsApp-Image-2020-03-08-at-08.20.22-800x450.jpeg\" src=\"https:\/\/www.paudalho.pe.gov.br\/portal\/wp-content\/uploads\/2020\/03\/WhatsApp-Image-2020-03-08-at-08.20.22-800x450.jpeg\" alt=\"\" class=\"wp-image-10326\"\/><figcaption><em>O desfile dos clubes Cruzeiro do Sul, Estrela e Lenhadores de Paudalho j\u00e1 \u00e9 uma tradi\u00e7\u00e3o consagrada no munic\u00edpio. Foto: Isak de Castro\/PMP. <\/em><\/figcaption><\/figure>\n\n\n\n<figure class=\"wp-block-gallery columns-3 is-cropped wp-block-gallery-1 is-layout-flex wp-block-gallery-is-layout-flex\"><ul class=\"blocks-gallery-grid\"><li class=\"blocks-gallery-item\"><figure><img loading=\"lazy\" decoding=\"async\" width=\"800\" height=\"450\" data-attachment-id=\"10325\" data-permalink=\"https:\/\/www.paudalho.pe.gov.br\/portal\/paudalho-prolonga-folia-com-celebracoes-da-ressaca-do-carnaval\/whatsapp-image-2020-03-08-at-08-20-22-1\/\" data-orig-file=\"https:\/\/www.paudalho.pe.gov.br\/portal\/wp-content\/uploads\/2020\/03\/WhatsApp-Image-2020-03-08-at-08.20.22-1.jpeg\" data-orig-size=\"1280,853\" data-comments-opened=\"1\" data-image-meta=\"{&quot;aperture&quot;:&quot;0&quot;,&quot;credit&quot;:&quot;&quot;,&quot;camera&quot;:&quot;&quot;,&quot;caption&quot;:&quot;&quot;,&quot;created_timestamp&quot;:&quot;0&quot;,&quot;copyright&quot;:&quot;&quot;,&quot;focal_length&quot;:&quot;0&quot;,&quot;iso&quot;:&quot;0&quot;,&quot;shutter_speed&quot;:&quot;0&quot;,&quot;title&quot;:&quot;&quot;,&quot;orientation&quot;:&quot;0&quot;}\" data-image-title=\"Clube Lenhadores de Paudalho\" data-image-description=\"\" data-image-caption=\"&lt;p&gt;Foto: Isak de Castro\/PMP. &lt;\/p&gt;\n\" data-medium-file=\"https:\/\/www.paudalho.pe.gov.br\/portal\/wp-content\/uploads\/2020\/03\/WhatsApp-Image-2020-03-08-at-08.20.22-1-350x230.jpeg\" data-large-file=\"https:\/\/www.paudalho.pe.gov.br\/portal\/wp-content\/uploads\/2020\/03\/WhatsApp-Image-2020-03-08-at-08.20.22-1-800x450.jpeg\" src=\"https:\/\/www.paudalho.pe.gov.br\/portal\/wp-content\/uploads\/2020\/03\/WhatsApp-Image-2020-03-08-at-08.20.22-1-800x450.jpeg\" alt=\"\" data-id=\"10325\" data-full-url=\"https:\/\/www.paudalho.pe.gov.br\/portal\/wp-content\/uploads\/2020\/03\/WhatsApp-Image-2020-03-08-at-08.20.22-1.jpeg\" data-link=\"https:\/\/www.paudalho.pe.gov.br\/portal\/?attachment_id=10325\" class=\"wp-image-10325\"\/><figcaption class=\"blocks-gallery-item__caption\"><em>Foto: Isak de Castro\/PMP. <\/em><\/figcaption><\/figure><\/li><li class=\"blocks-gallery-item\"><figure><img loading=\"lazy\" decoding=\"async\" width=\"800\" height=\"450\" data-attachment-id=\"10323\" data-permalink=\"https:\/\/www.paudalho.pe.gov.br\/portal\/paudalho-prolonga-folia-com-celebracoes-da-ressaca-do-carnaval\/whatsapp-image-2020-03-08-at-08-20-21-3\/\" data-orig-file=\"https:\/\/www.paudalho.pe.gov.br\/portal\/wp-content\/uploads\/2020\/03\/WhatsApp-Image-2020-03-08-at-08.20.21-3.jpeg\" data-orig-size=\"1280,853\" data-comments-opened=\"1\" data-image-meta=\"{&quot;aperture&quot;:&quot;0&quot;,&quot;credit&quot;:&quot;&quot;,&quot;camera&quot;:&quot;&quot;,&quot;caption&quot;:&quot;&quot;,&quot;created_timestamp&quot;:&quot;0&quot;,&quot;copyright&quot;:&quot;&quot;,&quot;focal_length&quot;:&quot;0&quot;,&quot;iso&quot;:&quot;0&quot;,&quot;shutter_speed&quot;:&quot;0&quot;,&quot;title&quot;:&quot;&quot;,&quot;orientation&quot;:&quot;0&quot;}\" data-image-title=\"Clube Lenhadores de Paudalho\" data-image-description=\"\" data-image-caption=\"&lt;p&gt;Foto: Isak de Castro\/PMP. &lt;\/p&gt;\n\" data-medium-file=\"https:\/\/www.paudalho.pe.gov.br\/portal\/wp-content\/uploads\/2020\/03\/WhatsApp-Image-2020-03-08-at-08.20.21-3-350x230.jpeg\" data-large-file=\"https:\/\/www.paudalho.pe.gov.br\/portal\/wp-content\/uploads\/2020\/03\/WhatsApp-Image-2020-03-08-at-08.20.21-3-800x450.jpeg\" src=\"https:\/\/www.paudalho.pe.gov.br\/portal\/wp-content\/uploads\/2020\/03\/WhatsApp-Image-2020-03-08-at-08.20.21-3-800x450.jpeg\" alt=\"\" data-id=\"10323\" data-full-url=\"https:\/\/www.paudalho.pe.gov.br\/portal\/wp-content\/uploads\/2020\/03\/WhatsApp-Image-2020-03-08-at-08.20.21-3.jpeg\" data-link=\"https:\/\/www.paudalho.pe.gov.br\/portal\/?attachment_id=10323\" class=\"wp-image-10323\"\/><figcaption class=\"blocks-gallery-item__caption\"><em>Foto: Isak de Castro\/PMP. <\/em><\/figcaption><\/figure><\/li><li class=\"blocks-gallery-item\"><figure><img loading=\"lazy\" decoding=\"async\" width=\"800\" height=\"450\" data-attachment-id=\"10322\" data-permalink=\"https:\/\/www.paudalho.pe.gov.br\/portal\/paudalho-prolonga-folia-com-celebracoes-da-ressaca-do-carnaval\/whatsapp-image-2020-03-08-at-08-20-21-2\/\" data-orig-file=\"https:\/\/www.paudalho.pe.gov.br\/portal\/wp-content\/uploads\/2020\/03\/WhatsApp-Image-2020-03-08-at-08.20.21-2.jpeg\" data-orig-size=\"1280,853\" data-comments-opened=\"1\" data-image-meta=\"{&quot;aperture&quot;:&quot;0&quot;,&quot;credit&quot;:&quot;&quot;,&quot;camera&quot;:&quot;&quot;,&quot;caption&quot;:&quot;&quot;,&quot;created_timestamp&quot;:&quot;0&quot;,&quot;copyright&quot;:&quot;&quot;,&quot;focal_length&quot;:&quot;0&quot;,&quot;iso&quot;:&quot;0&quot;,&quot;shutter_speed&quot;:&quot;0&quot;,&quot;title&quot;:&quot;&quot;,&quot;orientation&quot;:&quot;0&quot;}\" data-image-title=\"Clube Cruzeiro do Sul\" data-image-description=\"\" data-image-caption=\"&lt;p&gt;Foto: Isak de Castro\/PMP. &lt;\/p&gt;\n\" data-medium-file=\"https:\/\/www.paudalho.pe.gov.br\/portal\/wp-content\/uploads\/2020\/03\/WhatsApp-Image-2020-03-08-at-08.20.21-2-350x230.jpeg\" data-large-file=\"https:\/\/www.paudalho.pe.gov.br\/portal\/wp-content\/uploads\/2020\/03\/WhatsApp-Image-2020-03-08-at-08.20.21-2-800x450.jpeg\" src=\"https:\/\/www.paudalho.pe.gov.br\/portal\/wp-content\/uploads\/2020\/03\/WhatsApp-Image-2020-03-08-at-08.20.21-2-800x450.jpeg\" alt=\"\" data-id=\"10322\" data-full-url=\"https:\/\/www.paudalho.pe.gov.br\/portal\/wp-content\/uploads\/2020\/03\/WhatsApp-Image-2020-03-08-at-08.20.21-2.jpeg\" data-link=\"https:\/\/www.paudalho.pe.gov.br\/portal\/?attachment_id=10322\" class=\"wp-image-10322\"\/><figcaption class=\"blocks-gallery-item__caption\"><em>Foto: Isak de Castro\/PMP. <\/em><\/figcaption><\/figure><\/li><\/ul><\/figure>\n\n\n\n<p>O P\u00e1tio de Eventos Beira-Rio, no Centro da cidade, recebeu a presen\u00e7a de \u00edcones do carnaval pernambucano. O primeiro a subir no palco foi o cantor e compositor Marrom Brasileiro. Seu repert\u00f3rio foi composto por muito frevo, com m\u00fasicas tradicionais dos festejos carnavalescos como Morena Tropicana e Frevo Mulher. A segunda atra\u00e7\u00e3o foi o cantor Andr\u00e9 Rio, artista consagrado nacionalmente que fez a alegria do p\u00fablico e realizou o pen\u00faltimo show de sua turn\u00ea de Carnaval intitulada \u201cMisturando as Cores\u201d. <\/p>\n\n\n\n<figure class=\"wp-block-image size-large\"><img loading=\"lazy\" decoding=\"async\" width=\"1280\" height=\"853\" data-attachment-id=\"10332\" data-permalink=\"https:\/\/www.paudalho.pe.gov.br\/portal\/paudalho-prolonga-folia-com-celebracoes-da-ressaca-do-carnaval\/whatsapp-image-2020-03-08-at-08-20-20-1\/\" data-orig-file=\"https:\/\/www.paudalho.pe.gov.br\/portal\/wp-content\/uploads\/2020\/03\/WhatsApp-Image-2020-03-08-at-08.20.20-1.jpeg\" data-orig-size=\"1280,853\" data-comments-opened=\"1\" data-image-meta=\"{&quot;aperture&quot;:&quot;0&quot;,&quot;credit&quot;:&quot;&quot;,&quot;camera&quot;:&quot;&quot;,&quot;caption&quot;:&quot;&quot;,&quot;created_timestamp&quot;:&quot;0&quot;,&quot;copyright&quot;:&quot;&quot;,&quot;focal_length&quot;:&quot;0&quot;,&quot;iso&quot;:&quot;0&quot;,&quot;shutter_speed&quot;:&quot;0&quot;,&quot;title&quot;:&quot;&quot;,&quot;orientation&quot;:&quot;0&quot;}\" data-image-title=\"WhatsApp-Image-2020-03-08-at-08.20.20-1\" data-image-description=\"\" data-image-caption=\"\" data-medium-file=\"https:\/\/www.paudalho.pe.gov.br\/portal\/wp-content\/uploads\/2020\/03\/WhatsApp-Image-2020-03-08-at-08.20.20-1-350x230.jpeg\" data-large-file=\"https:\/\/www.paudalho.pe.gov.br\/portal\/wp-content\/uploads\/2020\/03\/WhatsApp-Image-2020-03-08-at-08.20.20-1-800x450.jpeg\" src=\"https:\/\/i1.wp.com\/www.paudalho.pe.gov.br\/portal\/wp-content\/uploads\/2020\/03\/WhatsApp-Image-2020-03-08-at-08.20.20-1.jpeg?resize=800%2C450&amp;ssl=1\" alt=\"\" class=\"wp-image-10332\" srcset=\"https:\/\/www.paudalho.pe.gov.br\/portal\/wp-content\/uploads\/2020\/03\/WhatsApp-Image-2020-03-08-at-08.20.20-1.jpeg 1280w, https:\/\/www.paudalho.pe.gov.br\/portal\/wp-content\/uploads\/2020\/03\/WhatsApp-Image-2020-03-08-at-08.20.20-1-768x512.jpeg 768w\" sizes=\"auto, (max-width: 1280px) 100vw, 1280px\" \/><figcaption><em>Marrom Brasileiro foi a primeira atra\u00e7\u00e3o da noite. Foto: Isak de Castro\/PMP. <\/em><\/figcaption><\/figure>\n\n\n\n<p>A programa\u00e7\u00e3o seguiu at\u00e9 \u00e0s 2h da manh\u00e3 com muita m\u00fasica e dan\u00e7a. <em>&#8220;Voc\u00eas n\u00e3o poderiam ter acertado mais, a Ressaca de Carnaval teve um \u00f3timo repert\u00f3rio!&#8221;<\/em>, afirma a dona de casa Isabel Gusm\u00e3o. Isabel aprovou a ideia de prolongar a festa de Carnaval e n\u00e3o perdeu a oportunidade de pular e se divertir durante os shows, especialmente no de Andr\u00e9 Rio<em>. &#8220;Sou f\u00e3 n\u00famero um dele&#8221;<\/em>, declara. <\/p>\n\n\n\n<figure class=\"wp-block-image size-large\"><img loading=\"lazy\" decoding=\"async\" width=\"1280\" height=\"853\" data-attachment-id=\"10333\" data-permalink=\"https:\/\/www.paudalho.pe.gov.br\/portal\/paudalho-prolonga-folia-com-celebracoes-da-ressaca-do-carnaval\/whatsapp-image-2020-03-08-at-08-20-20-2-1\/\" data-orig-file=\"https:\/\/www.paudalho.pe.gov.br\/portal\/wp-content\/uploads\/2020\/03\/WhatsApp-Image-2020-03-08-at-08.20.20-2-1.jpeg\" data-orig-size=\"1280,853\" data-comments-opened=\"1\" data-image-meta=\"{&quot;aperture&quot;:&quot;0&quot;,&quot;credit&quot;:&quot;&quot;,&quot;camera&quot;:&quot;&quot;,&quot;caption&quot;:&quot;&quot;,&quot;created_timestamp&quot;:&quot;0&quot;,&quot;copyright&quot;:&quot;&quot;,&quot;focal_length&quot;:&quot;0&quot;,&quot;iso&quot;:&quot;0&quot;,&quot;shutter_speed&quot;:&quot;0&quot;,&quot;title&quot;:&quot;&quot;,&quot;orientation&quot;:&quot;0&quot;}\" data-image-title=\"WhatsApp-Image-2020-03-08-at-08.20.20-2-1\" data-image-description=\"\" data-image-caption=\"\" data-medium-file=\"https:\/\/www.paudalho.pe.gov.br\/portal\/wp-content\/uploads\/2020\/03\/WhatsApp-Image-2020-03-08-at-08.20.20-2-1-350x230.jpeg\" data-large-file=\"https:\/\/www.paudalho.pe.gov.br\/portal\/wp-content\/uploads\/2020\/03\/WhatsApp-Image-2020-03-08-at-08.20.20-2-1-800x450.jpeg\" src=\"https:\/\/i0.wp.com\/www.paudalho.pe.gov.br\/portal\/wp-content\/uploads\/2020\/03\/WhatsApp-Image-2020-03-08-at-08.20.20-2-1.jpeg?resize=800%2C450&amp;ssl=1\" alt=\"\" class=\"wp-image-10333\" srcset=\"https:\/\/www.paudalho.pe.gov.br\/portal\/wp-content\/uploads\/2020\/03\/WhatsApp-Image-2020-03-08-at-08.20.20-2-1.jpeg 1280w, https:\/\/www.paudalho.pe.gov.br\/portal\/wp-content\/uploads\/2020\/03\/WhatsApp-Image-2020-03-08-at-08.20.20-2-1-768x512.jpeg 768w\" sizes=\"auto, (max-width: 1280px) 100vw, 1280px\" \/><figcaption><em>O cantor e compositor Andr\u00e9 Rio durante seu show na Festa da Ressaca, em Paudalho.  Foto: Isak de Castro\/PMP. <\/em><\/figcaption><\/figure>\n\n\n\n<p>O secret\u00e1rio executivo de Cultura, Esportes, Juventude, Turismo e Lazer , Jo\u00e3o Batista Silvino, explica os motivos para o prolongamento da folia: <em>\u201cPaudalho \u00e9 um celeiro de cultura, fizemos o maior e o melhor Carnaval do interior de Pernambuco, 100% de frevo e 0% de viol\u00eancia. Recebemos muitas pessoas no nosso munic\u00edpio. Elas pediram mais e hoje, data que antecede o Dia Internacional da Mulher, resolvemos continuar a comemora\u00e7\u00e3o com o t\u00edtulo a Festa da Ressaca&#8221;<\/em>. <\/p>\n\n\n\n<h3 class=\"wp-block-heading\">O maior Carnaval do interior de Pernambuco<\/h3>\n\n\n\n<p>O <a rel=\"noreferrer noopener\" aria-label=\"Carnaval 2020 (opens in a new tab)\" href=\"https:\/\/www.paudalho.pe.gov.br\/portal\/diverso-e-tradicional-carnaval-2020-de-paudalho-atrai-mais-de-200-mil-folioes-a-cidade\/\" target=\"_blank\">Carnaval 2020<\/a> de Paudalho aconteceu entre as datas 23 e 25 de fevereiro. Cerca de 200 mil pessoas estiveram presentes durante os tr\u00eas dias do evento. N\u00e3o faltaram apresenta\u00e7\u00f5es art\u00edsticas e culturais para os foli\u00f5es. Com tr\u00eas polos, Banho de Frevo Infantil, Adulto e Polo Cultural, a festa contou com uma mistura de ritmos como frevo, bregafunk, samba, entre outros. Tamb\u00e9m houve apresenta\u00e7\u00f5es de bois, maracatus, desfiles de agremia\u00e7\u00f5es e muito mais.   <\/p>\n\n\n\n<p><\/p>\n","protected":false},"excerpt":{"rendered":"<p>Em Paudalho a Festa de Momo s\u00f3 acaba em mar\u00e7o! Na noite do \u00faltimo s\u00e1bado (7), o munic\u00edpio foi tomado pelo clima carnavalesco em uma verdadeira Ressaca do Carnaval. <\/p>\n","protected":false},"author":6,"featured_media":10317,"comment_status":"open","ping_status":"open","sticky":false,"template":"","format":"standard","meta":{"_jetpack_newsletter_access":"","_jetpack_dont_email_post_to_subs":false,"_jetpack_newsletter_tier_id":0,"_jetpack_memberships_contains_paywalled_content":false,"_jetpack_memberships_contains_paid_content":false,"footnotes":""},"categories":[37,6,2],"tags":[597],"class_list":["post-10316","post","type-post","status-publish","format-standard","has-post-thumbnail","hentry","category-carnaval","category-cultura","category-destaque","tag-carnaval-2020"],"jetpack_featured_media_url":"https:\/\/www.paudalho.pe.gov.br\/portal\/wp-content\/uploads\/2020\/03\/WhatsApp-Image-2020-03-08-at-08.20.21.jpeg","jetpack_sharing_enabled":true,"jetpack_shortlink":"https:\/\/wp.me\/p98mS2-2Go","_links":{"self":[{"href":"https:\/\/www.paudalho.pe.gov.br\/portal\/wp-json\/wp\/v2\/posts\/10316","targetHints":{"allow":["GET"]}}],"collection":[{"href":"https:\/\/www.paudalho.pe.gov.br\/portal\/wp-json\/wp\/v2\/posts"}],"about":[{"href":"https:\/\/www.paudalho.pe.gov.br\/portal\/wp-json\/wp\/v2\/types\/post"}],"author":[{"embeddable":true,"href":"https:\/\/www.paudalho.pe.gov.br\/portal\/wp-json\/wp\/v2\/users\/6"}],"replies":[{"embeddable":true,"href":"https:\/\/www.paudalho.pe.gov.br\/portal\/wp-json\/wp\/v2\/comments?post=10316"}],"version-history":[{"count":17,"href":"https:\/\/www.paudalho.pe.gov.br\/portal\/wp-json\/wp\/v2\/posts\/10316\/revisions"}],"predecessor-version":[{"id":12280,"href":"https:\/\/www.paudalho.pe.gov.br\/portal\/wp-json\/wp\/v2\/posts\/10316\/revisions\/12280"}],"wp:featuredmedia":[{"embeddable":true,"href":"https:\/\/www.paudalho.pe.gov.br\/portal\/wp-json\/wp\/v2\/media\/10317"}],"wp:attachment":[{"href":"https:\/\/www.paudalho.pe.gov.br\/portal\/wp-json\/wp\/v2\/media?parent=10316"}],"wp:term":[{"taxonomy":"category","embeddable":true,"href":"https:\/\/www.paudalho.pe.gov.br\/portal\/wp-json\/wp\/v2\/categories?post=10316"},{"taxonomy":"post_tag","embeddable":true,"href":"https:\/\/www.paudalho.pe.gov.br\/portal\/wp-json\/wp\/v2\/tags?post=10316"}],"curies":[{"name":"wp","href":"https:\/\/api.w.org\/{rel}","templated":true}]}}