{"id":10173,"date":"2020-02-26T10:32:59","date_gmt":"2020-02-26T13:32:59","guid":{"rendered":"https:\/\/www.paudalho.pe.gov.br\/portal\/?p=10173"},"modified":"2025-01-08T00:39:52","modified_gmt":"2025-01-08T03:39:52","slug":"diverso-e-tradicional-carnaval-2020-de-paudalho-atrai-mais-de-200-mil-folioes-a-cidade","status":"publish","type":"post","link":"https:\/\/www.paudalho.pe.gov.br\/portal\/diverso-e-tradicional-carnaval-2020-de-paudalho-atrai-mais-de-200-mil-folioes-a-cidade\/","title":{"rendered":"Diverso e tradicional, Carnaval 2020 de Paudalho atrai mais de 200 mil foli\u00f5es \u00e0 cidade"},"content":{"rendered":"\n<p>Cerca de 200 mil foli\u00f5es participaram das celebra\u00e7\u00f5es do Carnaval 2020 de Paudalho, munic\u00edpio da Mata Norte de Pernambuco. Ap\u00f3s um per\u00edodo animado de pr\u00e9-carnaval, entre os dias 8 e 21 de fevereiro,  a Festa de Momo teve sua abertura oficial no domingo (23) e chegou ao fim na ter\u00e7a-feira (25). Durante os tr\u00eas dias n\u00e3o faltaram atra\u00e7\u00f5es art\u00edsticas para animar o p\u00fablico, como Dad\u00e1 Bolad\u00e3o, Jorge Arag\u00e3o e Elba Ramalho. <\/p>\n\n\n\n<p>Toda a cidade se preparou para o evento, moradores locais e visitantes celebraram juntos a festividade. A comemora\u00e7\u00e3o contou com tr\u00eas pontos de folia: o Polo Banho de Frevo Infantil, o Banho de Frevo Adulto e o Polo Cultural. Os dois primeiros foram montados no P\u00e1tio de Eventos Beira-Rio e o segundo na Pra\u00e7a Pedro Coutinho, ambos na \u00e1rea Central do munic\u00edpio. No Polo Banho de Frevo Infantil as apresenta\u00e7\u00f5es foram voltadas exclusivamente para as crian\u00e7as e suas fam\u00edlias, uma forma de garantir a seguran\u00e7a e o bem estar dessa parcela do p\u00fablico. <\/p>\n\n\n\n<figure class=\"wp-block-image size-large\"><img loading=\"lazy\" decoding=\"async\" width=\"800\" height=\"450\" data-attachment-id=\"10176\" data-permalink=\"https:\/\/www.paudalho.pe.gov.br\/portal\/diverso-e-tradicional-carnaval-2020-de-paudalho-atrai-mais-de-200-mil-folioes-a-cidade\/whatsapp-image-2020-02-25-at-12-27-11\/\" data-orig-file=\"https:\/\/www.paudalho.pe.gov.br\/portal\/wp-content\/uploads\/2020\/02\/WhatsApp-Image-2020-02-25-at-12.27.11.jpeg\" data-orig-size=\"1280,853\" data-comments-opened=\"1\" data-image-meta=\"{&quot;aperture&quot;:&quot;0&quot;,&quot;credit&quot;:&quot;&quot;,&quot;camera&quot;:&quot;&quot;,&quot;caption&quot;:&quot;&quot;,&quot;created_timestamp&quot;:&quot;0&quot;,&quot;copyright&quot;:&quot;&quot;,&quot;focal_length&quot;:&quot;0&quot;,&quot;iso&quot;:&quot;0&quot;,&quot;shutter_speed&quot;:&quot;0&quot;,&quot;title&quot;:&quot;&quot;,&quot;orientation&quot;:&quot;0&quot;}\" data-image-title=\"WhatsApp-Image-2020-02-25-at-12.27.11\" data-image-description=\"\" data-image-caption=\"\" data-medium-file=\"https:\/\/www.paudalho.pe.gov.br\/portal\/wp-content\/uploads\/2020\/02\/WhatsApp-Image-2020-02-25-at-12.27.11-350x230.jpeg\" data-large-file=\"https:\/\/www.paudalho.pe.gov.br\/portal\/wp-content\/uploads\/2020\/02\/WhatsApp-Image-2020-02-25-at-12.27.11-800x450.jpeg\" src=\"https:\/\/www.paudalho.pe.gov.br\/portal\/wp-content\/uploads\/2020\/02\/WhatsApp-Image-2020-02-25-at-12.27.11-800x450.jpeg\" alt=\"\" class=\"wp-image-10176\"\/><figcaption><em>Brincadeira em fam\u00edlia: o Polo Banho de Frevo Infantil contou com programa\u00e7\u00e3o voltada para as crian\u00e7as. Foto: Izak de Castro.<\/em><\/figcaption><\/figure>\n\n\n\n<p>A programa\u00e7\u00e3o n\u00e3o deixou a desejar, no primeiro dia de agito, domingo (23), houve um show do grupo Bal\u00e3o da Alegria para a crian\u00e7ada. A partir das 13h subiram ao palco a Orquestra do Clube Lenhadores do Paudalho, o cantor Dad\u00e1 Bolad\u00e3o, N\u00e1dia Maia e o MC Tr\u00f3ia. Al\u00e9m desses artistas, o Polo Cultural deu prosseguimento ao festejo com apresenta\u00e7\u00e3o de Luar\u00e1, \u00e0s 22h, e de Carlinhos Beleza, \u00e0s 00h.<\/p>\n\n\n\n<p>Na segunda-feira (24), foi a vez do grupo Barca Maluka incentivar o Carnaval em fam\u00edlia com um repert\u00f3rio composto por m\u00fasicas infantis. No per\u00edodo da tarde, a Orquestra Clube Estrela do Paudalho fez a abertura do Banho de Frevo Adulto. Os foli\u00f5es puderam assistir shows dos cantores Elvis, Andr\u00e9 Marreta e Jorge Arag\u00e3o. No Polo Cultural, Eduarda Alves, Chicote El\u00e9trico e Marrom Brasileiro subiram ao palco no per\u00edodo da noite. <\/p>\n\n\n\n<figure class=\"wp-block-image size-large\"><img loading=\"lazy\" decoding=\"async\" width=\"1280\" height=\"853\" data-attachment-id=\"10184\" data-permalink=\"https:\/\/www.paudalho.pe.gov.br\/portal\/diverso-e-tradicional-carnaval-2020-de-paudalho-atrai-mais-de-200-mil-folioes-a-cidade\/whatsapp-image-2020-02-26-at-00-35-34\/\" data-orig-file=\"https:\/\/www.paudalho.pe.gov.br\/portal\/wp-content\/uploads\/2020\/02\/WhatsApp-Image-2020-02-26-at-00.35.34.jpeg\" data-orig-size=\"1280,853\" data-comments-opened=\"1\" data-image-meta=\"{&quot;aperture&quot;:&quot;0&quot;,&quot;credit&quot;:&quot;&quot;,&quot;camera&quot;:&quot;&quot;,&quot;caption&quot;:&quot;&quot;,&quot;created_timestamp&quot;:&quot;0&quot;,&quot;copyright&quot;:&quot;&quot;,&quot;focal_length&quot;:&quot;0&quot;,&quot;iso&quot;:&quot;0&quot;,&quot;shutter_speed&quot;:&quot;0&quot;,&quot;title&quot;:&quot;&quot;,&quot;orientation&quot;:&quot;0&quot;}\" data-image-title=\"WhatsApp-Image-2020-02-26-at-00.35.34\" data-image-description=\"\" data-image-caption=\"\" data-medium-file=\"https:\/\/www.paudalho.pe.gov.br\/portal\/wp-content\/uploads\/2020\/02\/WhatsApp-Image-2020-02-26-at-00.35.34-350x230.jpeg\" data-large-file=\"https:\/\/www.paudalho.pe.gov.br\/portal\/wp-content\/uploads\/2020\/02\/WhatsApp-Image-2020-02-26-at-00.35.34-800x450.jpeg\" src=\"https:\/\/i2.wp.com\/www.paudalho.pe.gov.br\/portal\/wp-content\/uploads\/2020\/02\/WhatsApp-Image-2020-02-26-at-00.35.34.jpeg?resize=800%2C450&amp;ssl=1\" alt=\"\" class=\"wp-image-10184\" srcset=\"https:\/\/www.paudalho.pe.gov.br\/portal\/wp-content\/uploads\/2020\/02\/WhatsApp-Image-2020-02-26-at-00.35.34.jpeg 1280w, https:\/\/www.paudalho.pe.gov.br\/portal\/wp-content\/uploads\/2020\/02\/WhatsApp-Image-2020-02-26-at-00.35.34-768x512.jpeg 768w\" sizes=\"auto, (max-width: 1280px) 100vw, 1280px\" \/><figcaption><em>Orquestra do Clube Cruzeiro do Sul fez a abertura no \u00faltimo dia de festa, nessa ter\u00e7a-feira (25). Foto: Josu\u00e9 Junior\/PMP.<\/em><\/figcaption><\/figure>\n\n\n\n<p>E no \u00faltimo dia da Festa de Momo, nessa ter\u00e7a-feira (24), a programa\u00e7\u00e3o seguiu com muita alegria e m\u00fasica. Pela manh\u00e3 ocorreu o show de Nave Moleca, grupo direcionado para a crian\u00e7ada. \u00c0s 13h, a Orquestra do Clube Cruzeiro do Sul se juntou a folia. Logo em seguida, \u00e0s 15h, o bregafunk tomou o local com Roginho. O dia foi marcado por atra\u00e7\u00f5es reconhecidas nacionalmente, como o cantor Kevin o Chris e a cantora pernambucana Elba Ramalho. Al\u00e9m deles, o p\u00fablico aproveitou a atra\u00e7\u00e3o surpresa Xuxu a Perigosa e o cantor Hit Mizer\u00ea. N\u00e3o acabou por a\u00ed, a festa seguiu at\u00e9 a madrugada no Polo Cultural com os grupos Asas da Am\u00e9rica e Banda Pinguim. <\/p>\n\n\n\n<figure class=\"wp-block-gallery columns-3 is-cropped wp-block-gallery-1 is-layout-flex wp-block-gallery-is-layout-flex\"><ul class=\"blocks-gallery-grid\"><li class=\"blocks-gallery-item\"><figure><img loading=\"lazy\" decoding=\"async\" width=\"800\" height=\"450\" data-attachment-id=\"10200\" data-permalink=\"https:\/\/www.paudalho.pe.gov.br\/portal\/diverso-e-tradicional-carnaval-2020-de-paudalho-atrai-mais-de-200-mil-folioes-a-cidade\/whatsapp-image-2020-02-26-at-00-36-24-1\/\" data-orig-file=\"https:\/\/www.paudalho.pe.gov.br\/portal\/wp-content\/uploads\/2020\/02\/WhatsApp-Image-2020-02-26-at-00.36.24-1.jpeg\" data-orig-size=\"1280,853\" data-comments-opened=\"1\" data-image-meta=\"{&quot;aperture&quot;:&quot;0&quot;,&quot;credit&quot;:&quot;&quot;,&quot;camera&quot;:&quot;&quot;,&quot;caption&quot;:&quot;&quot;,&quot;created_timestamp&quot;:&quot;0&quot;,&quot;copyright&quot;:&quot;&quot;,&quot;focal_length&quot;:&quot;0&quot;,&quot;iso&quot;:&quot;0&quot;,&quot;shutter_speed&quot;:&quot;0&quot;,&quot;title&quot;:&quot;&quot;,&quot;orientation&quot;:&quot;0&quot;}\" data-image-title=\"Hit Mizer\u00ea\" data-image-description=\"\" data-image-caption=\"\" data-medium-file=\"https:\/\/www.paudalho.pe.gov.br\/portal\/wp-content\/uploads\/2020\/02\/WhatsApp-Image-2020-02-26-at-00.36.24-1-350x230.jpeg\" data-large-file=\"https:\/\/www.paudalho.pe.gov.br\/portal\/wp-content\/uploads\/2020\/02\/WhatsApp-Image-2020-02-26-at-00.36.24-1-800x450.jpeg\" src=\"https:\/\/www.paudalho.pe.gov.br\/portal\/wp-content\/uploads\/2020\/02\/WhatsApp-Image-2020-02-26-at-00.36.24-1-800x450.jpeg\" alt=\"\" data-id=\"10200\" data-full-url=\"https:\/\/www.paudalho.pe.gov.br\/portal\/wp-content\/uploads\/2020\/02\/WhatsApp-Image-2020-02-26-at-00.36.24-1.jpeg\" data-link=\"https:\/\/www.paudalho.pe.gov.br\/portal\/?attachment_id=10200\" class=\"wp-image-10200\"\/><\/figure><\/li><li class=\"blocks-gallery-item\"><figure><img loading=\"lazy\" decoding=\"async\" width=\"800\" height=\"450\" data-attachment-id=\"10199\" data-permalink=\"https:\/\/www.paudalho.pe.gov.br\/portal\/diverso-e-tradicional-carnaval-2020-de-paudalho-atrai-mais-de-200-mil-folioes-a-cidade\/whatsapp-image-2020-02-26-at-00-36-25\/\" data-orig-file=\"https:\/\/www.paudalho.pe.gov.br\/portal\/wp-content\/uploads\/2020\/02\/WhatsApp-Image-2020-02-26-at-00.36.25.jpeg\" data-orig-size=\"1280,853\" data-comments-opened=\"1\" data-image-meta=\"{&quot;aperture&quot;:&quot;0&quot;,&quot;credit&quot;:&quot;&quot;,&quot;camera&quot;:&quot;&quot;,&quot;caption&quot;:&quot;&quot;,&quot;created_timestamp&quot;:&quot;0&quot;,&quot;copyright&quot;:&quot;&quot;,&quot;focal_length&quot;:&quot;0&quot;,&quot;iso&quot;:&quot;0&quot;,&quot;shutter_speed&quot;:&quot;0&quot;,&quot;title&quot;:&quot;&quot;,&quot;orientation&quot;:&quot;0&quot;}\" data-image-title=\"Xuxu a Perigosa\" data-image-description=\"\" data-image-caption=\"\" data-medium-file=\"https:\/\/www.paudalho.pe.gov.br\/portal\/wp-content\/uploads\/2020\/02\/WhatsApp-Image-2020-02-26-at-00.36.25-350x230.jpeg\" data-large-file=\"https:\/\/www.paudalho.pe.gov.br\/portal\/wp-content\/uploads\/2020\/02\/WhatsApp-Image-2020-02-26-at-00.36.25-800x450.jpeg\" src=\"https:\/\/www.paudalho.pe.gov.br\/portal\/wp-content\/uploads\/2020\/02\/WhatsApp-Image-2020-02-26-at-00.36.25-800x450.jpeg\" alt=\"\" data-id=\"10199\" data-full-url=\"https:\/\/www.paudalho.pe.gov.br\/portal\/wp-content\/uploads\/2020\/02\/WhatsApp-Image-2020-02-26-at-00.36.25.jpeg\" data-link=\"https:\/\/www.paudalho.pe.gov.br\/portal\/?attachment_id=10199\" class=\"wp-image-10199\"\/><\/figure><\/li><li class=\"blocks-gallery-item\"><figure><img loading=\"lazy\" decoding=\"async\" width=\"800\" height=\"450\" data-attachment-id=\"10198\" data-permalink=\"https:\/\/www.paudalho.pe.gov.br\/portal\/diverso-e-tradicional-carnaval-2020-de-paudalho-atrai-mais-de-200-mil-folioes-a-cidade\/whatsapp-image-2020-02-26-at-01-28-44-1\/\" data-orig-file=\"https:\/\/www.paudalho.pe.gov.br\/portal\/wp-content\/uploads\/2020\/02\/WhatsApp-Image-2020-02-26-at-01.28.44-1.jpeg\" data-orig-size=\"1280,853\" data-comments-opened=\"1\" data-image-meta=\"{&quot;aperture&quot;:&quot;0&quot;,&quot;credit&quot;:&quot;&quot;,&quot;camera&quot;:&quot;&quot;,&quot;caption&quot;:&quot;&quot;,&quot;created_timestamp&quot;:&quot;0&quot;,&quot;copyright&quot;:&quot;&quot;,&quot;focal_length&quot;:&quot;0&quot;,&quot;iso&quot;:&quot;0&quot;,&quot;shutter_speed&quot;:&quot;0&quot;,&quot;title&quot;:&quot;&quot;,&quot;orientation&quot;:&quot;0&quot;}\" data-image-title=\"Roginho\" data-image-description=\"\" data-image-caption=\"\" data-medium-file=\"https:\/\/www.paudalho.pe.gov.br\/portal\/wp-content\/uploads\/2020\/02\/WhatsApp-Image-2020-02-26-at-01.28.44-1-350x230.jpeg\" data-large-file=\"https:\/\/www.paudalho.pe.gov.br\/portal\/wp-content\/uploads\/2020\/02\/WhatsApp-Image-2020-02-26-at-01.28.44-1-800x450.jpeg\" src=\"https:\/\/www.paudalho.pe.gov.br\/portal\/wp-content\/uploads\/2020\/02\/WhatsApp-Image-2020-02-26-at-01.28.44-1-800x450.jpeg\" alt=\"\" data-id=\"10198\" data-full-url=\"https:\/\/www.paudalho.pe.gov.br\/portal\/wp-content\/uploads\/2020\/02\/WhatsApp-Image-2020-02-26-at-01.28.44-1.jpeg\" data-link=\"https:\/\/www.paudalho.pe.gov.br\/portal\/?attachment_id=10198\" class=\"wp-image-10198\"\/><\/figure><\/li><li class=\"blocks-gallery-item\"><figure><img loading=\"lazy\" decoding=\"async\" width=\"800\" height=\"450\" data-attachment-id=\"10186\" data-permalink=\"https:\/\/www.paudalho.pe.gov.br\/portal\/diverso-e-tradicional-carnaval-2020-de-paudalho-atrai-mais-de-200-mil-folioes-a-cidade\/whatsapp-image-2020-02-26-at-00-36-19\/\" data-orig-file=\"https:\/\/www.paudalho.pe.gov.br\/portal\/wp-content\/uploads\/2020\/02\/WhatsApp-Image-2020-02-26-at-00.36.19.jpeg\" data-orig-size=\"1280,853\" data-comments-opened=\"1\" data-image-meta=\"{&quot;aperture&quot;:&quot;0&quot;,&quot;credit&quot;:&quot;&quot;,&quot;camera&quot;:&quot;&quot;,&quot;caption&quot;:&quot;&quot;,&quot;created_timestamp&quot;:&quot;0&quot;,&quot;copyright&quot;:&quot;&quot;,&quot;focal_length&quot;:&quot;0&quot;,&quot;iso&quot;:&quot;0&quot;,&quot;shutter_speed&quot;:&quot;0&quot;,&quot;title&quot;:&quot;&quot;,&quot;orientation&quot;:&quot;0&quot;}\" data-image-title=\"Kevin o Chris\" data-image-description=\"\" data-image-caption=\"\" data-medium-file=\"https:\/\/www.paudalho.pe.gov.br\/portal\/wp-content\/uploads\/2020\/02\/WhatsApp-Image-2020-02-26-at-00.36.19-350x230.jpeg\" data-large-file=\"https:\/\/www.paudalho.pe.gov.br\/portal\/wp-content\/uploads\/2020\/02\/WhatsApp-Image-2020-02-26-at-00.36.19-800x450.jpeg\" src=\"https:\/\/www.paudalho.pe.gov.br\/portal\/wp-content\/uploads\/2020\/02\/WhatsApp-Image-2020-02-26-at-00.36.19-800x450.jpeg\" alt=\"\" data-id=\"10186\" data-full-url=\"https:\/\/www.paudalho.pe.gov.br\/portal\/wp-content\/uploads\/2020\/02\/WhatsApp-Image-2020-02-26-at-00.36.19.jpeg\" data-link=\"https:\/\/www.paudalho.pe.gov.br\/portal\/?attachment_id=10186\" class=\"wp-image-10186\"\/><\/figure><\/li><\/ul><\/figure>\n\n\n\n<p>O Secret\u00e1rio de Cultura, Esportes, Juventude, Turismo e Lazer, Jobson Danilo, comenta o resultado positivo da festa para a cidade: \u201cDepois de muito trabalho n\u00f3s conseguimos mais uma vez ter recorde de p\u00fablico, mostrando que a nossa festa est\u00e1 consolidada como o maior Carnaval do interior de Pernambuco\u201d, afirma. E ainda declara que \u00e9 um orgulho trazer atra\u00e7\u00f5es t\u00e3o aclamadas em todo o Brasil, a exemplo do carioca Kevin O Chris que t\u00eam um repert\u00f3rio repleto de sucessos. O secret\u00e1rio ainda acrescenta: \u201cO orgulho maior \u00e9 ver o semblante de cada paudalhense, de cada visitante. V\u00ea-los sair daqui felizes, contentes, e j\u00e1 com saudades do nosso Carnaval.\u201d.&nbsp;&nbsp;<\/p>\n\n\n\n<figure class=\"wp-block-image size-large\"><img loading=\"lazy\" decoding=\"async\" width=\"1280\" height=\"853\" data-attachment-id=\"10201\" data-permalink=\"https:\/\/www.paudalho.pe.gov.br\/portal\/diverso-e-tradicional-carnaval-2020-de-paudalho-atrai-mais-de-200-mil-folioes-a-cidade\/whatsapp-image-2020-02-26-at-00-36-23\/\" data-orig-file=\"https:\/\/www.paudalho.pe.gov.br\/portal\/wp-content\/uploads\/2020\/02\/WhatsApp-Image-2020-02-26-at-00.36.23.jpeg\" data-orig-size=\"1280,853\" data-comments-opened=\"1\" data-image-meta=\"{&quot;aperture&quot;:&quot;0&quot;,&quot;credit&quot;:&quot;&quot;,&quot;camera&quot;:&quot;&quot;,&quot;caption&quot;:&quot;&quot;,&quot;created_timestamp&quot;:&quot;0&quot;,&quot;copyright&quot;:&quot;&quot;,&quot;focal_length&quot;:&quot;0&quot;,&quot;iso&quot;:&quot;0&quot;,&quot;shutter_speed&quot;:&quot;0&quot;,&quot;title&quot;:&quot;&quot;,&quot;orientation&quot;:&quot;0&quot;}\" data-image-title=\"WhatsApp-Image-2020-02-26-at-00.36.23\" data-image-description=\"\" data-image-caption=\"\" data-medium-file=\"https:\/\/www.paudalho.pe.gov.br\/portal\/wp-content\/uploads\/2020\/02\/WhatsApp-Image-2020-02-26-at-00.36.23-350x230.jpeg\" data-large-file=\"https:\/\/www.paudalho.pe.gov.br\/portal\/wp-content\/uploads\/2020\/02\/WhatsApp-Image-2020-02-26-at-00.36.23-800x450.jpeg\" src=\"https:\/\/i0.wp.com\/www.paudalho.pe.gov.br\/portal\/wp-content\/uploads\/2020\/02\/WhatsApp-Image-2020-02-26-at-00.36.23.jpeg?resize=800%2C450&amp;ssl=1\" alt=\"\" class=\"wp-image-10201\" srcset=\"https:\/\/www.paudalho.pe.gov.br\/portal\/wp-content\/uploads\/2020\/02\/WhatsApp-Image-2020-02-26-at-00.36.23.jpeg 1280w, https:\/\/www.paudalho.pe.gov.br\/portal\/wp-content\/uploads\/2020\/02\/WhatsApp-Image-2020-02-26-at-00.36.23-768x512.jpeg 768w\" sizes=\"auto, (max-width: 1280px) 100vw, 1280px\" \/><figcaption><em> Representante do Carnaval pernambucano, a cantora Elba Ramalho agitou o \u00faltimo dia da festa, na ter\u00e7a (25). Foto: Josu\u00e9 J\u00fanior. <\/em><\/figcaption><\/figure>\n\n\n\n<p>Para a enfermeira Edna Santos o Carnaval 2020 de Paudalho foi de fato memor\u00e1vel. &#8220;Maravilhoso, realmente o melhor Carnaval da Zona da Mata. Uma festa sem viol\u00eancia, segura.&#8221;, declara. Para garantir a seguran\u00e7a no festejo, a Pol\u00edcia Civil e Militar, e tamb\u00e9m o Corpo de Bombeiros Civil e Militar, realizaram um trabalho estrat\u00e9gico em conjunto. <\/p>\n\n\n\n<p>Servi\u00e7os importantes foram disponibilizados para o p\u00fablico, a Secretaria de Assist\u00eancia e Desenvolvimento Social (SEDAS) preparou Plant\u00f5es Sociais onde os foli\u00f5es puderam receber ajuda e tirar d\u00favidas. J\u00e1 a Secretaria de Sa\u00fade montou tendas com Plant\u00e3o da Sa\u00fade para acolher a quem desejasse. Tamb\u00e9m houve pontos de troca de bebidas acondicionadas em garrafas de vidro para garrafas de pl\u00e1stico. <br><\/p>\n\n\n\n<h3 class=\"wp-block-heading\">Um Carnaval tradicional e centen\u00e1rio<\/h3>\n\n\n\n<figure class=\"wp-block-image size-large\"><img loading=\"lazy\" decoding=\"async\" width=\"1280\" height=\"883\" data-attachment-id=\"10202\" data-permalink=\"https:\/\/www.paudalho.pe.gov.br\/portal\/diverso-e-tradicional-carnaval-2020-de-paudalho-atrai-mais-de-200-mil-folioes-a-cidade\/whatsapp-image-2020-02-26-at-00-35-43\/\" data-orig-file=\"https:\/\/www.paudalho.pe.gov.br\/portal\/wp-content\/uploads\/2020\/02\/WhatsApp-Image-2020-02-26-at-00.35.43.jpeg\" data-orig-size=\"1280,883\" data-comments-opened=\"1\" data-image-meta=\"{&quot;aperture&quot;:&quot;0&quot;,&quot;credit&quot;:&quot;&quot;,&quot;camera&quot;:&quot;&quot;,&quot;caption&quot;:&quot;&quot;,&quot;created_timestamp&quot;:&quot;0&quot;,&quot;copyright&quot;:&quot;&quot;,&quot;focal_length&quot;:&quot;0&quot;,&quot;iso&quot;:&quot;0&quot;,&quot;shutter_speed&quot;:&quot;0&quot;,&quot;title&quot;:&quot;&quot;,&quot;orientation&quot;:&quot;0&quot;}\" data-image-title=\"WhatsApp-Image-2020-02-26-at-00.35.43\" data-image-description=\"\" data-image-caption=\"\" data-medium-file=\"https:\/\/www.paudalho.pe.gov.br\/portal\/wp-content\/uploads\/2020\/02\/WhatsApp-Image-2020-02-26-at-00.35.43-350x230.jpeg\" data-large-file=\"https:\/\/www.paudalho.pe.gov.br\/portal\/wp-content\/uploads\/2020\/02\/WhatsApp-Image-2020-02-26-at-00.35.43-800x450.jpeg\" src=\"https:\/\/i2.wp.com\/www.paudalho.pe.gov.br\/portal\/wp-content\/uploads\/2020\/02\/WhatsApp-Image-2020-02-26-at-00.35.43.jpeg?resize=800%2C450&amp;ssl=1\" alt=\"\" class=\"wp-image-10202\" srcset=\"https:\/\/www.paudalho.pe.gov.br\/portal\/wp-content\/uploads\/2020\/02\/WhatsApp-Image-2020-02-26-at-00.35.43.jpeg 1280w, https:\/\/www.paudalho.pe.gov.br\/portal\/wp-content\/uploads\/2020\/02\/WhatsApp-Image-2020-02-26-at-00.35.43-768x530.jpeg 768w\" sizes=\"auto, (max-width: 1280px) 100vw, 1280px\" \/><figcaption><em>Atra\u00e7\u00f5es culturais de v\u00e1rias regi\u00f5es de Pernambuco se apresentaram no Polo Cultural da Festa. Foto: Josu\u00e9 J\u00fanior\/PMP.<\/em><\/figcaption><\/figure>\n\n\n\n<p>Al\u00e9m de shows musicais, outras formas de express\u00f5es art\u00edsticas foram abra\u00e7adas pelo Carnaval 2020 de Paudalho. O Polo Cultural da Festa de Momo contou com uma programa\u00e7\u00e3o diversa composta por desfiles de maracatus, escolas de samba, bois e outras agremia\u00e7\u00f5es. Durante os tr\u00eas dias, no per\u00edodo da noite, tro\u00e7as carnavalescas dos clubes tradicionais da cidade, Clube Lenhadores, Clube Estrela e Clube Cruzeiro do Sul, sa\u00edram nas principais ruas da cidade. <\/p>\n\n\n\n<p> <\/p>\n","protected":false},"excerpt":{"rendered":"<p>Cerca de 200 mil foli\u00f5es participaram das celebra\u00e7\u00f5es do Carnaval 2020 de Paudalho, munic\u00edpio da Mata Norte de Pernambuco. A Festa de Momo teve sua abertura oficial no domingo (23) e chegou ao fim na ter\u00e7a-feira (25). Durante os tr\u00eas dias n\u00e3o faltaram atra\u00e7\u00f5es art\u00edsticas para animar o p\u00fablico, como Dad\u00e1 Bolad\u00e3o, Jorge Arag\u00e3o e Elba Ramalho. <\/p>\n","protected":false},"author":6,"featured_media":10203,"comment_status":"open","ping_status":"open","sticky":false,"template":"","format":"standard","meta":{"_jetpack_newsletter_access":"","_jetpack_dont_email_post_to_subs":false,"_jetpack_newsletter_tier_id":0,"_jetpack_memberships_contains_paywalled_content":false,"_jetpack_memberships_contains_paid_content":false,"footnotes":""},"categories":[37,2,1],"tags":[597],"class_list":["post-10173","post","type-post","status-publish","format-standard","has-post-thumbnail","hentry","category-carnaval","category-destaque","category-noticias","tag-carnaval-2020"],"jetpack_featured_media_url":"https:\/\/www.paudalho.pe.gov.br\/portal\/wp-content\/uploads\/2020\/02\/WhatsApp-Image-2020-02-26-at-00.45.59.jpeg","jetpack_sharing_enabled":true,"jetpack_shortlink":"https:\/\/wp.me\/p98mS2-2E5","_links":{"self":[{"href":"https:\/\/www.paudalho.pe.gov.br\/portal\/wp-json\/wp\/v2\/posts\/10173","targetHints":{"allow":["GET"]}}],"collection":[{"href":"https:\/\/www.paudalho.pe.gov.br\/portal\/wp-json\/wp\/v2\/posts"}],"about":[{"href":"https:\/\/www.paudalho.pe.gov.br\/portal\/wp-json\/wp\/v2\/types\/post"}],"author":[{"embeddable":true,"href":"https:\/\/www.paudalho.pe.gov.br\/portal\/wp-json\/wp\/v2\/users\/6"}],"replies":[{"embeddable":true,"href":"https:\/\/www.paudalho.pe.gov.br\/portal\/wp-json\/wp\/v2\/comments?post=10173"}],"version-history":[{"count":19,"href":"https:\/\/www.paudalho.pe.gov.br\/portal\/wp-json\/wp\/v2\/posts\/10173\/revisions"}],"predecessor-version":[{"id":12281,"href":"https:\/\/www.paudalho.pe.gov.br\/portal\/wp-json\/wp\/v2\/posts\/10173\/revisions\/12281"}],"wp:featuredmedia":[{"embeddable":true,"href":"https:\/\/www.paudalho.pe.gov.br\/portal\/wp-json\/wp\/v2\/media\/10203"}],"wp:attachment":[{"href":"https:\/\/www.paudalho.pe.gov.br\/portal\/wp-json\/wp\/v2\/media?parent=10173"}],"wp:term":[{"taxonomy":"category","embeddable":true,"href":"https:\/\/www.paudalho.pe.gov.br\/portal\/wp-json\/wp\/v2\/categories?post=10173"},{"taxonomy":"post_tag","embeddable":true,"href":"https:\/\/www.paudalho.pe.gov.br\/portal\/wp-json\/wp\/v2\/tags?post=10173"}],"curies":[{"name":"wp","href":"https:\/\/api.w.org\/{rel}","templated":true}]}}