{"id":1016,"date":"2017-09-08T16:32:33","date_gmt":"2017-09-08T19:32:33","guid":{"rendered":"http:\/\/www.paudalho.pe.gov.br\/portal\/?p=1016"},"modified":"2017-09-22T01:07:26","modified_gmt":"2017-09-22T04:07:26","slug":"foi-facil-chegar-diz-mae-sobre-acessibilidade-e-inclusao-no-desfile-civico-de-7-de-setembro","status":"publish","type":"post","link":"https:\/\/www.paudalho.pe.gov.br\/portal\/foi-facil-chegar-diz-mae-sobre-acessibilidade-e-inclusao-no-desfile-civico-de-7-de-setembro\/","title":{"rendered":"\u201cFoi f\u00e1cil chegar\u201d, diz m\u00e3e sobre acessibilidade e inclus\u00e3o no Desfile C\u00edvico de 7 de Setembro"},"content":{"rendered":"<p class=\"MsoNormal\"><span style=\"font-size: 18.0pt;line-height: 115%\">Luan Carlos, de 12 anos, \u00e9 cadeirante e participou alegre do Desfile C\u00edvico de Sete de Setembro que ocorreu nesta quinta-feira (7), no Centro de Paudalho. O brasileirinho n\u00e3o escondia a sua alegria ao ouvir as bandas marciais se aproximarem da concentra\u00e7\u00e3o, que este ano ficou no Parque de Eventos Beira-Rio. Para chegar at\u00e9 o local das apresenta\u00e7\u00f5es, a m\u00e3e dele, C\u00e1tia Bezerra, comentou que n\u00e3o encontrou problemas. De acordo com a dona de casa, o local oferece estrutura. <em>\u201cFoi f\u00e1cil chegar aqui porque tem rampa\u201d<\/em>, disse. <\/span><\/p>\n<h3 class=\"MsoNormal\"><span style=\"font-size: 18.0pt;line-height: 115%\"><strong>A Prefeitura cumprindo a inclus\u00e3o<\/strong><\/span><\/h3>\n<p class=\"MsoNormal\"><span style=\"font-size: 18.0pt;line-height: 115%\">A Lei N\u00ba 10.098, de 19 de dezembro de 2000 estabelece normas e crit\u00e9rios b\u00e1sicos para a promo\u00e7\u00e3o da acessibilidade das pessoas com defici\u00eancia ou com mobilidade reduzida, e ainda d\u00e1 outras provid\u00eancias. E o Sete de Setembro na cidade foi um exemplo de como a atual gest\u00e3o se compromete em proporcionar eventos e a\u00e7\u00f5es inclusivas que alcancem todos os paudalhenses sem distin\u00e7\u00e3o de cor, ra\u00e7a, orienta\u00e7\u00e3o sexual ou debilidade f\u00edsica.<\/span><\/p>\n<div id=\"attachment_1022\" style=\"width: 310px\" class=\"wp-caption alignnone\"><img loading=\"lazy\" decoding=\"async\" aria-describedby=\"caption-attachment-1022\" data-attachment-id=\"1022\" data-permalink=\"https:\/\/www.paudalho.pe.gov.br\/portal\/foi-facil-chegar-diz-mae-sobre-acessibilidade-e-inclusao-no-desfile-civico-de-7-de-setembro\/21371359_781699661953785_8073578204149237159_n\/\" data-orig-file=\"https:\/\/www.paudalho.pe.gov.br\/portal\/wp-content\/uploads\/2017\/09\/21371359_781699661953785_8073578204149237159_n.jpg\" data-orig-size=\"600,400\" data-comments-opened=\"1\" data-image-meta=\"{&quot;aperture&quot;:&quot;0&quot;,&quot;credit&quot;:&quot;&quot;,&quot;camera&quot;:&quot;&quot;,&quot;caption&quot;:&quot;&quot;,&quot;created_timestamp&quot;:&quot;0&quot;,&quot;copyright&quot;:&quot;&quot;,&quot;focal_length&quot;:&quot;0&quot;,&quot;iso&quot;:&quot;0&quot;,&quot;shutter_speed&quot;:&quot;0&quot;,&quot;title&quot;:&quot;&quot;,&quot;orientation&quot;:&quot;0&quot;}\" data-image-title=\"21371359_781699661953785_8073578204149237159_n\" data-image-description=\"\" data-image-caption=\"&lt;p&gt;Foto: Isak de Castro\/Comunica\u00e7\u00e3oPrefeituradePaudalho&lt;\/p&gt;\n\" data-medium-file=\"https:\/\/www.paudalho.pe.gov.br\/portal\/wp-content\/uploads\/2017\/09\/21371359_781699661953785_8073578204149237159_n-350x230.jpg\" data-large-file=\"https:\/\/www.paudalho.pe.gov.br\/portal\/wp-content\/uploads\/2017\/09\/21371359_781699661953785_8073578204149237159_n.jpg\" class=\"size-medium wp-image-1022\" src=\"http:\/\/www.paudalho.pe.gov.br\/portal\/wp-content\/uploads\/2017\/09\/21371359_781699661953785_8073578204149237159_n-350x230.jpg\" alt=\"\" width=\"300\" height=\"197\" \/><p id=\"caption-attachment-1022\" class=\"wp-caption-text\">Foto: Isak de Castro\/Comunica\u00e7\u00e3oPrefeituradePaudalho<\/p><\/div>\n<div id=\"attachment_1019\" style=\"width: 310px\" class=\"wp-caption alignnone\"><img loading=\"lazy\" decoding=\"async\" aria-describedby=\"caption-attachment-1019\" data-attachment-id=\"1019\" data-permalink=\"https:\/\/www.paudalho.pe.gov.br\/portal\/foi-facil-chegar-diz-mae-sobre-acessibilidade-e-inclusao-no-desfile-civico-de-7-de-setembro\/21369093_781699511953800_3113292998396842673_n\/\" data-orig-file=\"https:\/\/www.paudalho.pe.gov.br\/portal\/wp-content\/uploads\/2017\/09\/21369093_781699511953800_3113292998396842673_n.jpg\" data-orig-size=\"600,400\" data-comments-opened=\"1\" data-image-meta=\"{&quot;aperture&quot;:&quot;0&quot;,&quot;credit&quot;:&quot;&quot;,&quot;camera&quot;:&quot;&quot;,&quot;caption&quot;:&quot;&quot;,&quot;created_timestamp&quot;:&quot;0&quot;,&quot;copyright&quot;:&quot;&quot;,&quot;focal_length&quot;:&quot;0&quot;,&quot;iso&quot;:&quot;0&quot;,&quot;shutter_speed&quot;:&quot;0&quot;,&quot;title&quot;:&quot;&quot;,&quot;orientation&quot;:&quot;0&quot;}\" data-image-title=\"21369093_781699511953800_3113292998396842673_n\" data-image-description=\"\" data-image-caption=\"&lt;p&gt;Foto: Isak de Castro\/Comunica\u00e7\u00e3oPrefeituradePaudalho&lt;\/p&gt;\n\" data-medium-file=\"https:\/\/www.paudalho.pe.gov.br\/portal\/wp-content\/uploads\/2017\/09\/21369093_781699511953800_3113292998396842673_n-350x230.jpg\" data-large-file=\"https:\/\/www.paudalho.pe.gov.br\/portal\/wp-content\/uploads\/2017\/09\/21369093_781699511953800_3113292998396842673_n.jpg\" class=\"size-medium wp-image-1019\" src=\"http:\/\/www.paudalho.pe.gov.br\/portal\/wp-content\/uploads\/2017\/09\/21369093_781699511953800_3113292998396842673_n-350x230.jpg\" alt=\"\" width=\"300\" height=\"197\" \/><p id=\"caption-attachment-1019\" class=\"wp-caption-text\">Foto: Isak de Castro\/Comunica\u00e7\u00e3oPrefeituradePaudalho<\/p><\/div>\n<div id=\"attachment_1020\" style=\"width: 310px\" class=\"wp-caption alignnone\"><img loading=\"lazy\" decoding=\"async\" aria-describedby=\"caption-attachment-1020\" data-attachment-id=\"1020\" data-permalink=\"https:\/\/www.paudalho.pe.gov.br\/portal\/foi-facil-chegar-diz-mae-sobre-acessibilidade-e-inclusao-no-desfile-civico-de-7-de-setembro\/21462292_781699568620461_2066026470446816903_n\/\" data-orig-file=\"https:\/\/www.paudalho.pe.gov.br\/portal\/wp-content\/uploads\/2017\/09\/21462292_781699568620461_2066026470446816903_n.jpg\" data-orig-size=\"600,400\" data-comments-opened=\"1\" data-image-meta=\"{&quot;aperture&quot;:&quot;0&quot;,&quot;credit&quot;:&quot;&quot;,&quot;camera&quot;:&quot;&quot;,&quot;caption&quot;:&quot;&quot;,&quot;created_timestamp&quot;:&quot;0&quot;,&quot;copyright&quot;:&quot;&quot;,&quot;focal_length&quot;:&quot;0&quot;,&quot;iso&quot;:&quot;0&quot;,&quot;shutter_speed&quot;:&quot;0&quot;,&quot;title&quot;:&quot;&quot;,&quot;orientation&quot;:&quot;0&quot;}\" data-image-title=\"21462292_781699568620461_2066026470446816903_n\" data-image-description=\"\" data-image-caption=\"&lt;p&gt;Foto: Isak de Castro\/Comunica\u00e7\u00e3oPrefeituradePaudalho&lt;\/p&gt;\n\" data-medium-file=\"https:\/\/www.paudalho.pe.gov.br\/portal\/wp-content\/uploads\/2017\/09\/21462292_781699568620461_2066026470446816903_n-350x230.jpg\" data-large-file=\"https:\/\/www.paudalho.pe.gov.br\/portal\/wp-content\/uploads\/2017\/09\/21462292_781699568620461_2066026470446816903_n.jpg\" class=\"size-medium wp-image-1020\" src=\"http:\/\/www.paudalho.pe.gov.br\/portal\/wp-content\/uploads\/2017\/09\/21462292_781699568620461_2066026470446816903_n-350x230.jpg\" alt=\"\" width=\"300\" height=\"197\" \/><p id=\"caption-attachment-1020\" class=\"wp-caption-text\">Foto: Isak de Castro\/Comunica\u00e7\u00e3oPrefeituradePaudalho<\/p><\/div>\n<div id=\"attachment_1021\" style=\"width: 310px\" class=\"wp-caption alignnone\"><img loading=\"lazy\" decoding=\"async\" aria-describedby=\"caption-attachment-1021\" data-attachment-id=\"1021\" data-permalink=\"https:\/\/www.paudalho.pe.gov.br\/portal\/foi-facil-chegar-diz-mae-sobre-acessibilidade-e-inclusao-no-desfile-civico-de-7-de-setembro\/33cccb54-59bf-441b-acd9-72f45430d43b\/\" data-orig-file=\"https:\/\/www.paudalho.pe.gov.br\/portal\/wp-content\/uploads\/2017\/09\/33cccb54-59bf-441b-acd9-72f45430d43b.jpg\" data-orig-size=\"600,400\" data-comments-opened=\"1\" data-image-meta=\"{&quot;aperture&quot;:&quot;0&quot;,&quot;credit&quot;:&quot;&quot;,&quot;camera&quot;:&quot;&quot;,&quot;caption&quot;:&quot;&quot;,&quot;created_timestamp&quot;:&quot;0&quot;,&quot;copyright&quot;:&quot;&quot;,&quot;focal_length&quot;:&quot;0&quot;,&quot;iso&quot;:&quot;0&quot;,&quot;shutter_speed&quot;:&quot;0&quot;,&quot;title&quot;:&quot;&quot;,&quot;orientation&quot;:&quot;0&quot;}\" data-image-title=\"33cccb54-59bf-441b-acd9-72f45430d43b\" data-image-description=\"\" data-image-caption=\"&lt;p&gt;Foto: Isak de Castro\/Comunica\u00e7\u00e3oPrefeituradePaudalho&lt;\/p&gt;\n\" data-medium-file=\"https:\/\/www.paudalho.pe.gov.br\/portal\/wp-content\/uploads\/2017\/09\/33cccb54-59bf-441b-acd9-72f45430d43b-350x230.jpg\" data-large-file=\"https:\/\/www.paudalho.pe.gov.br\/portal\/wp-content\/uploads\/2017\/09\/33cccb54-59bf-441b-acd9-72f45430d43b.jpg\" class=\"size-medium wp-image-1021\" src=\"http:\/\/www.paudalho.pe.gov.br\/portal\/wp-content\/uploads\/2017\/09\/33cccb54-59bf-441b-acd9-72f45430d43b-350x230.jpg\" alt=\"\" width=\"300\" height=\"197\" \/><p id=\"caption-attachment-1021\" class=\"wp-caption-text\">Foto: Isak de Castro\/Comunica\u00e7\u00e3oPrefeituradePaudalho<\/p><\/div>\n<p class=\"MsoNormal\"><span style=\"font-size: 18.0pt;line-height: 115%\">C\u00e1tia Bezerra ainda destaca que fica muito feliz em ver o filho participando da programa\u00e7\u00e3o. <em>\u201cEu fico feliz porque apesar dele ser um cadeirante ele \u00e9 gente como n\u00f3s tamb\u00e9m n\u00e9?\u201d<\/em>, finalizou. <\/span><\/p>\n<p class=\"MsoNormal\"><span style=\"font-size: 18.0pt;line-height: 115%\"><strong>Ou\u00e7a a entrevista da m\u00e3e do garoto:<\/strong><\/span><\/p>\n<!--[if lt IE 9]><script>document.createElement('audio');<\/script><![endif]-->\n<audio class=\"wp-audio-shortcode\" id=\"audio-1016-1\" preload=\"none\" style=\"width: 100%;\" controls=\"controls\"><source type=\"audio\/mpeg\" src=\"http:\/\/www.paudalho.pe.gov.br\/portal\/wp-content\/uploads\/2017\/09\/katia-m\u00e3e-de-luan.mp3?_=1\" \/><a href=\"http:\/\/www.paudalho.pe.gov.br\/portal\/wp-content\/uploads\/2017\/09\/katia-m\u00e3e-de-luan.mp3\">http:\/\/www.paudalho.pe.gov.br\/portal\/wp-content\/uploads\/2017\/09\/katia-m\u00e3e-de-luan.mp3<\/a><\/audio>\n<p class=\"MsoNormal\"><span style=\"font-size: 18.0pt;line-height: 115%\">A estudante Ana Carolina, da Escola Maria de F\u00e1tima, de Ch\u00e3 de Cruz, participou do evento com uma a\u00e7\u00e3o inclusiva que, atrav\u00e9s da libras, trouxe informa\u00e7\u00e3o ao p\u00fablico surdo. <em>\u201cA gente interpretou uma parte do Hino de Paudalho em libras para homenagear os anos de hist\u00f3ria da cidade e isso \u00e9 muito importante para os alunos que s\u00e3o deficientes; para eles se sentirem melhor\u201d<\/em>, comentou. <\/span><\/p>\n<p class=\"MsoNormal\"><span style=\"font-size: 18.0pt;line-height: 115%\">Sobre a a\u00e7\u00e3o, o prefeito de Paudalho, Marcelo Gouveia, reafirmou a preocupa\u00e7\u00e3o da prefeitura em cada vez mais proporcionar a inclus\u00e3o no munic\u00edpio. <em>\u201cEsse \u00e9 o nosso trabalho: trabalhando pela inclus\u00e3o social. A escola que acabou de passar, a Maria de F\u00e1tima, est\u00e1 de parab\u00e9ns. Realmente \u00e9 um diferencial em nosso munic\u00edpio a gente olhar para as pessoas que necessitam. N\u00f3s estamos buscando investir cada vez mais para trazer essa parcela da popula\u00e7\u00e3o\u201d<\/em>, disse.<\/span><\/p>\n<p class=\"MsoNormal\"><span style=\"font-size: 18.0pt;line-height: 115%\"><strong>Veja no v\u00eddeo:<\/strong><\/span><\/p>\n<span class=\"embed-youtube\" style=\"text-align:center; display: block;\"><iframe loading=\"lazy\" class=\"youtube-player\" width=\"640\" height=\"360\" src=\"https:\/\/www.youtube.com\/embed\/lsmsPFDuFtY?version=3&#038;rel=1&#038;showsearch=0&#038;showinfo=1&#038;iv_load_policy=1&#038;fs=1&#038;hl=pt-BR&#038;autohide=2&#038;wmode=transparent\" allowfullscreen=\"true\" style=\"border:0;\" sandbox=\"allow-scripts allow-same-origin allow-popups allow-presentation allow-popups-to-escape-sandbox\"><\/iframe><\/span>\n<h3 class=\"MsoNormal\"><span style=\"font-size: 18pt\"><strong><span style=\"line-height: 115%\">Civismo em todas as faixas et\u00e1rias <\/span><\/strong><\/span><\/h3>\n<p class=\"MsoNormal\"><span style=\"font-size: 18.0pt;line-height: 115%\">Em mais de oito horas de desfile, com<\/span><span style=\"font-size: 18.0pt;line-height: 115%\">\u00a0apresenta\u00e7\u00f5es<\/span><span style=\"font-size: 18.0pt;line-height: 115%\">\u00a0de 40 bandas, a Prefeitura do Paudalho mostrou que a cidade e a cidadania s\u00e3o para todos, independendo da idade. Um exemplo foi o grupo Renascer da Terceira Idade que abrilhantou com sua experi\u00eancia o evento.<\/span><\/p>\n<p class=\"MsoNormal\"><span style=\"font-size: 18.0pt;line-height: 115%\"><strong>Veja no V\u00eddeo abaixo:<\/strong><\/span><\/p>\n<p class=\"MsoNormal\"><span style=\"font-size: 18.0pt;line-height: 115%\">\u00a0<\/span><\/p>\n<p class=\"MsoNormal\"><span style=\"font-size: 18.0pt;line-height: 115%\"><strong>Confira ainda algumas fotos do desfile:<\/strong><\/span><\/p>\n<div id=\"attachment_1023\" style=\"width: 310px\" class=\"wp-caption alignnone\"><img loading=\"lazy\" decoding=\"async\" aria-describedby=\"caption-attachment-1023\" data-attachment-id=\"1023\" data-permalink=\"https:\/\/www.paudalho.pe.gov.br\/portal\/foi-facil-chegar-diz-mae-sobre-acessibilidade-e-inclusao-no-desfile-civico-de-7-de-setembro\/whatsapp-image-2017-09-08-at-14-42-54\/\" data-orig-file=\"https:\/\/www.paudalho.pe.gov.br\/portal\/wp-content\/uploads\/2017\/09\/WhatsApp-Image-2017-09-08-at-14.42.54.jpeg\" data-orig-size=\"1040,780\" data-comments-opened=\"1\" data-image-meta=\"{&quot;aperture&quot;:&quot;0&quot;,&quot;credit&quot;:&quot;&quot;,&quot;camera&quot;:&quot;&quot;,&quot;caption&quot;:&quot;&quot;,&quot;created_timestamp&quot;:&quot;0&quot;,&quot;copyright&quot;:&quot;&quot;,&quot;focal_length&quot;:&quot;0&quot;,&quot;iso&quot;:&quot;0&quot;,&quot;shutter_speed&quot;:&quot;0&quot;,&quot;title&quot;:&quot;&quot;,&quot;orientation&quot;:&quot;0&quot;}\" data-image-title=\"WhatsApp Image 2017-09-08 at 14.42.54\" data-image-description=\"\" data-image-caption=\"&lt;p&gt;Foto: Isak de Castro\/Comunica\u00e7\u00e3oPrefeituradePaudalho&lt;\/p&gt;\n\" data-medium-file=\"https:\/\/www.paudalho.pe.gov.br\/portal\/wp-content\/uploads\/2017\/09\/WhatsApp-Image-2017-09-08-at-14.42.54-350x230.jpeg\" data-large-file=\"https:\/\/www.paudalho.pe.gov.br\/portal\/wp-content\/uploads\/2017\/09\/WhatsApp-Image-2017-09-08-at-14.42.54-800x450.jpeg\" class=\"size-medium wp-image-1023\" src=\"http:\/\/www.paudalho.pe.gov.br\/portal\/wp-content\/uploads\/2017\/09\/WhatsApp-Image-2017-09-08-at-14.42.54-350x230.jpeg\" alt=\"\" width=\"300\" height=\"197\" \/><p id=\"caption-attachment-1023\" class=\"wp-caption-text\">Foto: Isak de Castro\/Comunica\u00e7\u00e3oPrefeituradePaudalho<\/p><\/div>\n<div id=\"attachment_1024\" style=\"width: 310px\" class=\"wp-caption alignnone\"><img loading=\"lazy\" decoding=\"async\" aria-describedby=\"caption-attachment-1024\" data-attachment-id=\"1024\" data-permalink=\"https:\/\/www.paudalho.pe.gov.br\/portal\/foi-facil-chegar-diz-mae-sobre-acessibilidade-e-inclusao-no-desfile-civico-de-7-de-setembro\/21462977_781699581953793_1781264939224918732_n\/\" data-orig-file=\"https:\/\/www.paudalho.pe.gov.br\/portal\/wp-content\/uploads\/2017\/09\/21462977_781699581953793_1781264939224918732_n.jpg\" data-orig-size=\"600,400\" data-comments-opened=\"1\" data-image-meta=\"{&quot;aperture&quot;:&quot;0&quot;,&quot;credit&quot;:&quot;&quot;,&quot;camera&quot;:&quot;&quot;,&quot;caption&quot;:&quot;&quot;,&quot;created_timestamp&quot;:&quot;0&quot;,&quot;copyright&quot;:&quot;&quot;,&quot;focal_length&quot;:&quot;0&quot;,&quot;iso&quot;:&quot;0&quot;,&quot;shutter_speed&quot;:&quot;0&quot;,&quot;title&quot;:&quot;&quot;,&quot;orientation&quot;:&quot;0&quot;}\" data-image-title=\"21462977_781699581953793_1781264939224918732_n\" data-image-description=\"\" data-image-caption=\"&lt;p&gt;Foto: Isak de Castro\/Comunica\u00e7\u00e3oPrefeituradePaudalho&lt;\/p&gt;\n\" data-medium-file=\"https:\/\/www.paudalho.pe.gov.br\/portal\/wp-content\/uploads\/2017\/09\/21462977_781699581953793_1781264939224918732_n-350x230.jpg\" data-large-file=\"https:\/\/www.paudalho.pe.gov.br\/portal\/wp-content\/uploads\/2017\/09\/21462977_781699581953793_1781264939224918732_n.jpg\" class=\"size-medium wp-image-1024\" src=\"http:\/\/www.paudalho.pe.gov.br\/portal\/wp-content\/uploads\/2017\/09\/21462977_781699581953793_1781264939224918732_n-350x230.jpg\" alt=\"\" width=\"300\" height=\"197\" \/><p id=\"caption-attachment-1024\" class=\"wp-caption-text\">Foto: Isak de Castro\/Comunica\u00e7\u00e3oPrefeituradePaudalho<\/p><\/div>\n<div id=\"attachment_1025\" style=\"width: 310px\" class=\"wp-caption alignnone\"><img loading=\"lazy\" decoding=\"async\" aria-describedby=\"caption-attachment-1025\" data-attachment-id=\"1025\" data-permalink=\"https:\/\/www.paudalho.pe.gov.br\/portal\/foi-facil-chegar-diz-mae-sobre-acessibilidade-e-inclusao-no-desfile-civico-de-7-de-setembro\/whatsapp-image-2017-09-08-at-15-56-15\/\" data-orig-file=\"https:\/\/www.paudalho.pe.gov.br\/portal\/wp-content\/uploads\/2017\/09\/WhatsApp-Image-2017-09-08-at-15.56.15.jpeg\" data-orig-size=\"600,400\" data-comments-opened=\"1\" data-image-meta=\"{&quot;aperture&quot;:&quot;0&quot;,&quot;credit&quot;:&quot;&quot;,&quot;camera&quot;:&quot;&quot;,&quot;caption&quot;:&quot;&quot;,&quot;created_timestamp&quot;:&quot;0&quot;,&quot;copyright&quot;:&quot;&quot;,&quot;focal_length&quot;:&quot;0&quot;,&quot;iso&quot;:&quot;0&quot;,&quot;shutter_speed&quot;:&quot;0&quot;,&quot;title&quot;:&quot;&quot;,&quot;orientation&quot;:&quot;0&quot;}\" data-image-title=\"WhatsApp Image 2017-09-08 at 15.56.15\" data-image-description=\"\" data-image-caption=\"\" data-medium-file=\"https:\/\/www.paudalho.pe.gov.br\/portal\/wp-content\/uploads\/2017\/09\/WhatsApp-Image-2017-09-08-at-15.56.15-350x230.jpeg\" data-large-file=\"https:\/\/www.paudalho.pe.gov.br\/portal\/wp-content\/uploads\/2017\/09\/WhatsApp-Image-2017-09-08-at-15.56.15.jpeg\" class=\"size-medium wp-image-1025\" src=\"http:\/\/www.paudalho.pe.gov.br\/portal\/wp-content\/uploads\/2017\/09\/WhatsApp-Image-2017-09-08-at-15.56.15-350x230.jpeg\" alt=\"\" width=\"300\" height=\"197\" \/><p id=\"caption-attachment-1025\" class=\"wp-caption-text\">Foto: Isak de Castro\/Comunica\u00e7\u00e3oPrefeituradePaudalho<\/p><\/div>\n<p class=\"MsoNormal\"><span style=\"font-size: 18.0pt;line-height: 115%\">\u00a0<\/span><\/p>\n<div id=\"attachment_1026\" style=\"width: 310px\" class=\"wp-caption alignnone\"><img loading=\"lazy\" decoding=\"async\" aria-describedby=\"caption-attachment-1026\" data-attachment-id=\"1026\" data-permalink=\"https:\/\/www.paudalho.pe.gov.br\/portal\/foi-facil-chegar-diz-mae-sobre-acessibilidade-e-inclusao-no-desfile-civico-de-7-de-setembro\/whatsapp-image-2017-09-08-at-15-56-28\/\" data-orig-file=\"https:\/\/www.paudalho.pe.gov.br\/portal\/wp-content\/uploads\/2017\/09\/WhatsApp-Image-2017-09-08-at-15.56.28.jpeg\" data-orig-size=\"600,400\" data-comments-opened=\"1\" data-image-meta=\"{&quot;aperture&quot;:&quot;0&quot;,&quot;credit&quot;:&quot;&quot;,&quot;camera&quot;:&quot;&quot;,&quot;caption&quot;:&quot;&quot;,&quot;created_timestamp&quot;:&quot;0&quot;,&quot;copyright&quot;:&quot;&quot;,&quot;focal_length&quot;:&quot;0&quot;,&quot;iso&quot;:&quot;0&quot;,&quot;shutter_speed&quot;:&quot;0&quot;,&quot;title&quot;:&quot;&quot;,&quot;orientation&quot;:&quot;0&quot;}\" data-image-title=\"WhatsApp Image 2017-09-08 at 15.56.28\" data-image-description=\"\" data-image-caption=\"&lt;p&gt;Foto: Isak de Castro\/Comunica\u00e7\u00e3oPrefeituradePaudalho&lt;\/p&gt;\n\" data-medium-file=\"https:\/\/www.paudalho.pe.gov.br\/portal\/wp-content\/uploads\/2017\/09\/WhatsApp-Image-2017-09-08-at-15.56.28-350x230.jpeg\" data-large-file=\"https:\/\/www.paudalho.pe.gov.br\/portal\/wp-content\/uploads\/2017\/09\/WhatsApp-Image-2017-09-08-at-15.56.28.jpeg\" class=\"size-medium wp-image-1026\" src=\"http:\/\/www.paudalho.pe.gov.br\/portal\/wp-content\/uploads\/2017\/09\/WhatsApp-Image-2017-09-08-at-15.56.28-350x230.jpeg\" alt=\"\" width=\"300\" height=\"197\" \/><p id=\"caption-attachment-1026\" class=\"wp-caption-text\">Foto: Isak de Castro\/Comunica\u00e7\u00e3oPrefeituradePaudalho<\/p><\/div>\n<p class=\"MsoNormal\"><span style=\"font-size: 18.0pt;line-height: 115%\">\u00a0<\/span><\/p>\n<div id=\"attachment_1027\" style=\"width: 310px\" class=\"wp-caption alignnone\"><img loading=\"lazy\" decoding=\"async\" aria-describedby=\"caption-attachment-1027\" data-attachment-id=\"1027\" data-permalink=\"https:\/\/www.paudalho.pe.gov.br\/portal\/foi-facil-chegar-diz-mae-sobre-acessibilidade-e-inclusao-no-desfile-civico-de-7-de-setembro\/whatsapp-image-2017-09-08-at-14-42-54-1\/\" data-orig-file=\"https:\/\/www.paudalho.pe.gov.br\/portal\/wp-content\/uploads\/2017\/09\/WhatsApp-Image-2017-09-08-at-14.42.54-1.jpeg\" data-orig-size=\"1040,780\" data-comments-opened=\"1\" data-image-meta=\"{&quot;aperture&quot;:&quot;0&quot;,&quot;credit&quot;:&quot;&quot;,&quot;camera&quot;:&quot;&quot;,&quot;caption&quot;:&quot;&quot;,&quot;created_timestamp&quot;:&quot;0&quot;,&quot;copyright&quot;:&quot;&quot;,&quot;focal_length&quot;:&quot;0&quot;,&quot;iso&quot;:&quot;0&quot;,&quot;shutter_speed&quot;:&quot;0&quot;,&quot;title&quot;:&quot;&quot;,&quot;orientation&quot;:&quot;0&quot;}\" data-image-title=\"WhatsApp Image 2017-09-08 at 14.42.54 (1)\" data-image-description=\"\" data-image-caption=\"\" data-medium-file=\"https:\/\/www.paudalho.pe.gov.br\/portal\/wp-content\/uploads\/2017\/09\/WhatsApp-Image-2017-09-08-at-14.42.54-1-350x230.jpeg\" data-large-file=\"https:\/\/www.paudalho.pe.gov.br\/portal\/wp-content\/uploads\/2017\/09\/WhatsApp-Image-2017-09-08-at-14.42.54-1-800x450.jpeg\" class=\"wp-image-1027 size-medium\" src=\"http:\/\/www.paudalho.pe.gov.br\/portal\/wp-content\/uploads\/2017\/09\/WhatsApp-Image-2017-09-08-at-14.42.54-1-350x230.jpeg\" alt=\"\" width=\"300\" height=\"197\" \/><p id=\"caption-attachment-1027\" class=\"wp-caption-text\">Foto: Thales K\u00edrion\/Comunica\u00e7\u00e3oPrefeituradePaudalho<\/p><\/div>\n<p class=\"MsoNormal\"><span style=\"font-size: 18.0pt;line-height: 115%\">\u00a0<\/span><\/p>\n<div id=\"attachment_1028\" style=\"width: 310px\" class=\"wp-caption alignnone\"><img loading=\"lazy\" decoding=\"async\" aria-describedby=\"caption-attachment-1028\" data-attachment-id=\"1028\" data-permalink=\"https:\/\/www.paudalho.pe.gov.br\/portal\/foi-facil-chegar-diz-mae-sobre-acessibilidade-e-inclusao-no-desfile-civico-de-7-de-setembro\/3635e5f1-3d82-4c67-9e43-a86e3f034907\/\" data-orig-file=\"https:\/\/www.paudalho.pe.gov.br\/portal\/wp-content\/uploads\/2017\/09\/3635e5f1-3d82-4c67-9e43-a86e3f034907.jpg\" data-orig-size=\"1280,853\" data-comments-opened=\"1\" data-image-meta=\"{&quot;aperture&quot;:&quot;0&quot;,&quot;credit&quot;:&quot;&quot;,&quot;camera&quot;:&quot;&quot;,&quot;caption&quot;:&quot;&quot;,&quot;created_timestamp&quot;:&quot;0&quot;,&quot;copyright&quot;:&quot;&quot;,&quot;focal_length&quot;:&quot;0&quot;,&quot;iso&quot;:&quot;0&quot;,&quot;shutter_speed&quot;:&quot;0&quot;,&quot;title&quot;:&quot;&quot;,&quot;orientation&quot;:&quot;0&quot;}\" data-image-title=\"3635e5f1-3d82-4c67-9e43-a86e3f034907\" data-image-description=\"\" data-image-caption=\"&lt;p&gt;Foto: Isak de Castro\/Comunica\u00e7\u00e3oPrefeituradePaudalho&lt;\/p&gt;\n\" data-medium-file=\"https:\/\/www.paudalho.pe.gov.br\/portal\/wp-content\/uploads\/2017\/09\/3635e5f1-3d82-4c67-9e43-a86e3f034907-350x230.jpg\" data-large-file=\"https:\/\/www.paudalho.pe.gov.br\/portal\/wp-content\/uploads\/2017\/09\/3635e5f1-3d82-4c67-9e43-a86e3f034907-800x450.jpg\" class=\"size-medium wp-image-1028\" src=\"http:\/\/www.paudalho.pe.gov.br\/portal\/wp-content\/uploads\/2017\/09\/3635e5f1-3d82-4c67-9e43-a86e3f034907-350x230.jpg\" alt=\"\" width=\"300\" height=\"197\" \/><p id=\"caption-attachment-1028\" class=\"wp-caption-text\">Foto: Isak de Castro\/Comunica\u00e7\u00e3oPrefeituradePaudalho<\/p><\/div>\n<div id=\"attachment_1029\" style=\"width: 310px\" class=\"wp-caption alignnone\"><img loading=\"lazy\" decoding=\"async\" aria-describedby=\"caption-attachment-1029\" data-attachment-id=\"1029\" data-permalink=\"https:\/\/www.paudalho.pe.gov.br\/portal\/foi-facil-chegar-diz-mae-sobre-acessibilidade-e-inclusao-no-desfile-civico-de-7-de-setembro\/a73ecf88-ca06-4805-8b68-edc712907f31\/\" data-orig-file=\"https:\/\/www.paudalho.pe.gov.br\/portal\/wp-content\/uploads\/2017\/09\/a73ecf88-ca06-4805-8b68-edc712907f31.jpg\" data-orig-size=\"1280,853\" data-comments-opened=\"1\" data-image-meta=\"{&quot;aperture&quot;:&quot;0&quot;,&quot;credit&quot;:&quot;&quot;,&quot;camera&quot;:&quot;&quot;,&quot;caption&quot;:&quot;&quot;,&quot;created_timestamp&quot;:&quot;0&quot;,&quot;copyright&quot;:&quot;&quot;,&quot;focal_length&quot;:&quot;0&quot;,&quot;iso&quot;:&quot;0&quot;,&quot;shutter_speed&quot;:&quot;0&quot;,&quot;title&quot;:&quot;&quot;,&quot;orientation&quot;:&quot;0&quot;}\" data-image-title=\"a73ecf88-ca06-4805-8b68-edc712907f31\" data-image-description=\"\" data-image-caption=\"&lt;p&gt;Foto: Isak de Castro\/Comunica\u00e7\u00e3oPrefeituradePaudalho&lt;\/p&gt;\n\" data-medium-file=\"https:\/\/www.paudalho.pe.gov.br\/portal\/wp-content\/uploads\/2017\/09\/a73ecf88-ca06-4805-8b68-edc712907f31-350x230.jpg\" data-large-file=\"https:\/\/www.paudalho.pe.gov.br\/portal\/wp-content\/uploads\/2017\/09\/a73ecf88-ca06-4805-8b68-edc712907f31-800x450.jpg\" class=\"size-medium wp-image-1029\" src=\"http:\/\/www.paudalho.pe.gov.br\/portal\/wp-content\/uploads\/2017\/09\/a73ecf88-ca06-4805-8b68-edc712907f31-350x230.jpg\" alt=\"\" width=\"300\" height=\"197\" \/><p id=\"caption-attachment-1029\" class=\"wp-caption-text\">Foto: Isak de Castro\/Comunica\u00e7\u00e3oPrefeituradePaudalho<\/p><\/div>\n<p><img loading=\"lazy\" decoding=\"async\" data-attachment-id=\"1030\" data-permalink=\"https:\/\/www.paudalho.pe.gov.br\/portal\/foi-facil-chegar-diz-mae-sobre-acessibilidade-e-inclusao-no-desfile-civico-de-7-de-setembro\/whatsapp-image-2017-09-08-at-15-56-29-1\/\" data-orig-file=\"https:\/\/www.paudalho.pe.gov.br\/portal\/wp-content\/uploads\/2017\/09\/WhatsApp-Image-2017-09-08-at-15.56.29-1.jpeg\" data-orig-size=\"600,400\" data-comments-opened=\"1\" data-image-meta=\"{&quot;aperture&quot;:&quot;0&quot;,&quot;credit&quot;:&quot;&quot;,&quot;camera&quot;:&quot;&quot;,&quot;caption&quot;:&quot;&quot;,&quot;created_timestamp&quot;:&quot;0&quot;,&quot;copyright&quot;:&quot;&quot;,&quot;focal_length&quot;:&quot;0&quot;,&quot;iso&quot;:&quot;0&quot;,&quot;shutter_speed&quot;:&quot;0&quot;,&quot;title&quot;:&quot;&quot;,&quot;orientation&quot;:&quot;0&quot;}\" data-image-title=\"WhatsApp Image 2017-09-08 at 15.56.29 (1)\" data-image-description=\"\" data-image-caption=\"\" data-medium-file=\"https:\/\/www.paudalho.pe.gov.br\/portal\/wp-content\/uploads\/2017\/09\/WhatsApp-Image-2017-09-08-at-15.56.29-1-350x230.jpeg\" data-large-file=\"https:\/\/www.paudalho.pe.gov.br\/portal\/wp-content\/uploads\/2017\/09\/WhatsApp-Image-2017-09-08-at-15.56.29-1.jpeg\" class=\"alignnone size-medium wp-image-1030\" src=\"http:\/\/www.paudalho.pe.gov.br\/portal\/wp-content\/uploads\/2017\/09\/WhatsApp-Image-2017-09-08-at-15.56.29-1-350x230.jpeg\" alt=\"\" width=\"300\" height=\"197\" \/><\/p>\n<p class=\"MsoNormal\"><span style=\"font-size: 16.0pt;line-height: 115%\">\u00a0<\/span><\/p>\n","protected":false},"excerpt":{"rendered":"<p>Luan Carlos, de 12 anos, \u00e9 cadeirante e participou alegre do Desfile C\u00edvico de Sete de Setembro que ocorreu nesta quinta-feira (7), no Centro de Paudalho. O brasileirinho n\u00e3o escondia a sua alegria ao ouvir as bandas marciais se aproximarem da concentra\u00e7\u00e3o, que este ano ficou no Parque de Eventos Beira-Rio. Para chegar at\u00e9 o [&hellip;]<\/p>\n","protected":false},"author":4,"featured_media":1017,"comment_status":"open","ping_status":"open","sticky":false,"template":"","format":"standard","meta":{"_jetpack_newsletter_access":"","_jetpack_dont_email_post_to_subs":false,"_jetpack_newsletter_tier_id":0,"_jetpack_memberships_contains_paywalled_content":false,"_jetpack_memberships_contains_paid_content":false,"footnotes":""},"categories":[2,1],"tags":[80,14,109],"class_list":["post-1016","post","type-post","status-publish","format-standard","has-post-thumbnail","hentry","category-destaque","category-noticias","tag-inclusao","tag-paudalho","tag-sete-de-setembro"],"jetpack_featured_media_url":"https:\/\/www.paudalho.pe.gov.br\/portal\/wp-content\/uploads\/2017\/09\/0df2f757-6e49-41cb-a587-f45738e6f567.jpg","jetpack_sharing_enabled":true,"jetpack_shortlink":"https:\/\/wp.me\/p98mS2-go","_links":{"self":[{"href":"https:\/\/www.paudalho.pe.gov.br\/portal\/wp-json\/wp\/v2\/posts\/1016","targetHints":{"allow":["GET"]}}],"collection":[{"href":"https:\/\/www.paudalho.pe.gov.br\/portal\/wp-json\/wp\/v2\/posts"}],"about":[{"href":"https:\/\/www.paudalho.pe.gov.br\/portal\/wp-json\/wp\/v2\/types\/post"}],"author":[{"embeddable":true,"href":"https:\/\/www.paudalho.pe.gov.br\/portal\/wp-json\/wp\/v2\/users\/4"}],"replies":[{"embeddable":true,"href":"https:\/\/www.paudalho.pe.gov.br\/portal\/wp-json\/wp\/v2\/comments?post=1016"}],"version-history":[{"count":5,"href":"https:\/\/www.paudalho.pe.gov.br\/portal\/wp-json\/wp\/v2\/posts\/1016\/revisions"}],"predecessor-version":[{"id":1239,"href":"https:\/\/www.paudalho.pe.gov.br\/portal\/wp-json\/wp\/v2\/posts\/1016\/revisions\/1239"}],"wp:featuredmedia":[{"embeddable":true,"href":"https:\/\/www.paudalho.pe.gov.br\/portal\/wp-json\/wp\/v2\/media\/1017"}],"wp:attachment":[{"href":"https:\/\/www.paudalho.pe.gov.br\/portal\/wp-json\/wp\/v2\/media?parent=1016"}],"wp:term":[{"taxonomy":"category","embeddable":true,"href":"https:\/\/www.paudalho.pe.gov.br\/portal\/wp-json\/wp\/v2\/categories?post=1016"},{"taxonomy":"post_tag","embeddable":true,"href":"https:\/\/www.paudalho.pe.gov.br\/portal\/wp-json\/wp\/v2\/tags?post=1016"}],"curies":[{"name":"wp","href":"https:\/\/api.w.org\/{rel}","templated":true}]}}