{"id":10138,"date":"2020-02-25T13:16:07","date_gmt":"2020-02-25T16:16:07","guid":{"rendered":"https:\/\/www.paudalho.pe.gov.br\/portal\/?p=10138"},"modified":"2020-02-25T13:18:07","modified_gmt":"2020-02-25T16:18:07","slug":"2o-dia-do-carnaval-em-paudalho-e-regado-por-muita-musica-cultura-e-tradicao","status":"publish","type":"post","link":"https:\/\/www.paudalho.pe.gov.br\/portal\/2o-dia-do-carnaval-em-paudalho-e-regado-por-muita-musica-cultura-e-tradicao\/","title":{"rendered":"2\u00ba dia do Carnaval em Paudalho \u00e9 &#8220;regado&#8221; por muita m\u00fasica, cultura e tradi\u00e7\u00e3o"},"content":{"rendered":"\n<p>Milhares de pessoas participaram do segundo dia de Carnaval de Paudalho, considerado o maior do interior de Pernambuco. Nesta segunda-feira (24), o Banho de Frevo Infantil, no P\u00e1tio de Eventos Beira-Rio,  iniciou mais uma vez a festividade com apresenta\u00e7\u00e3o da Barca Maluka animando desde crian\u00e7as at\u00e9 os adultos. <\/p>\n\n\n\n<figure class=\"wp-block-image size-large\"><img loading=\"lazy\" decoding=\"async\" width=\"1280\" height=\"853\" data-attachment-id=\"10140\" data-permalink=\"https:\/\/www.paudalho.pe.gov.br\/portal\/2o-dia-do-carnaval-em-paudalho-e-regado-por-muita-musica-cultura-e-tradicao\/bf84ca51-e765-4966-8cf2-561dc6049925\/\" data-orig-file=\"https:\/\/www.paudalho.pe.gov.br\/portal\/wp-content\/uploads\/2020\/02\/bf84ca51-e765-4966-8cf2-561dc6049925.jpg\" data-orig-size=\"1280,853\" data-comments-opened=\"1\" data-image-meta=\"{&quot;aperture&quot;:&quot;0&quot;,&quot;credit&quot;:&quot;&quot;,&quot;camera&quot;:&quot;&quot;,&quot;caption&quot;:&quot;&quot;,&quot;created_timestamp&quot;:&quot;0&quot;,&quot;copyright&quot;:&quot;&quot;,&quot;focal_length&quot;:&quot;0&quot;,&quot;iso&quot;:&quot;0&quot;,&quot;shutter_speed&quot;:&quot;0&quot;,&quot;title&quot;:&quot;&quot;,&quot;orientation&quot;:&quot;0&quot;}\" data-image-title=\"bf84ca51-e765-4966-8cf2-561dc6049925\" data-image-description=\"\" data-image-caption=\"\" data-medium-file=\"https:\/\/www.paudalho.pe.gov.br\/portal\/wp-content\/uploads\/2020\/02\/bf84ca51-e765-4966-8cf2-561dc6049925-350x230.jpg\" data-large-file=\"https:\/\/www.paudalho.pe.gov.br\/portal\/wp-content\/uploads\/2020\/02\/bf84ca51-e765-4966-8cf2-561dc6049925-800x450.jpg\" src=\"https:\/\/i1.wp.com\/www.paudalho.pe.gov.br\/portal\/wp-content\/uploads\/2020\/02\/bf84ca51-e765-4966-8cf2-561dc6049925.jpg?resize=800%2C450&amp;ssl=1\" alt=\"\" class=\"wp-image-10140\" srcset=\"https:\/\/www.paudalho.pe.gov.br\/portal\/wp-content\/uploads\/2020\/02\/bf84ca51-e765-4966-8cf2-561dc6049925.jpg 1280w, https:\/\/www.paudalho.pe.gov.br\/portal\/wp-content\/uploads\/2020\/02\/bf84ca51-e765-4966-8cf2-561dc6049925-768x512.jpg 768w\" sizes=\"auto, (max-width: 1280px) 100vw, 1280px\" \/><figcaption>Foto: Isak de Castro\/PMP <\/figcaption><\/figure>\n\n\n\n<p><\/p>\n\n\n\n<p>A tarde, no Banho de Frevo, foi a vez da Orquestra do Clube Estrela, Elvis, Andr\u00e9 Marreta e Jorge Arag\u00e3o animarem ainda mais os foli\u00f5es. A programa\u00e7\u00e3o  foi democr\u00e1tica e contou com diversos estilos musicais, entre eles: o frevo, samba e o brega-funk. \u201cEu estou amando, estou achando a programa\u00e7\u00e3o bem equilibrada, tanto para quem curte frevo, quanto pra quem gosta do passinho&#8221;, comentou o estudante, Iago Ven\u00e2ncio.<\/p>\n\n\n\n<figure class=\"wp-block-gallery columns-3 is-cropped wp-block-gallery-1 is-layout-flex wp-block-gallery-is-layout-flex\"><ul class=\"blocks-gallery-grid\"><li class=\"blocks-gallery-item\"><figure><img loading=\"lazy\" decoding=\"async\" width=\"1280\" height=\"853\" data-attachment-id=\"10141\" data-permalink=\"https:\/\/www.paudalho.pe.gov.br\/portal\/2o-dia-do-carnaval-em-paudalho-e-regado-por-muita-musica-cultura-e-tradicao\/27c41401-c038-45ac-944a-0912d07c73c5\/\" data-orig-file=\"https:\/\/www.paudalho.pe.gov.br\/portal\/wp-content\/uploads\/2020\/02\/27c41401-c038-45ac-944a-0912d07c73c5.jpg\" data-orig-size=\"1280,853\" data-comments-opened=\"1\" data-image-meta=\"{&quot;aperture&quot;:&quot;0&quot;,&quot;credit&quot;:&quot;&quot;,&quot;camera&quot;:&quot;&quot;,&quot;caption&quot;:&quot;&quot;,&quot;created_timestamp&quot;:&quot;0&quot;,&quot;copyright&quot;:&quot;&quot;,&quot;focal_length&quot;:&quot;0&quot;,&quot;iso&quot;:&quot;0&quot;,&quot;shutter_speed&quot;:&quot;0&quot;,&quot;title&quot;:&quot;&quot;,&quot;orientation&quot;:&quot;0&quot;}\" data-image-title=\"27c41401-c038-45ac-944a-0912d07c73c5\" data-image-description=\"\" data-image-caption=\"\" data-medium-file=\"https:\/\/www.paudalho.pe.gov.br\/portal\/wp-content\/uploads\/2020\/02\/27c41401-c038-45ac-944a-0912d07c73c5-350x230.jpg\" data-large-file=\"https:\/\/www.paudalho.pe.gov.br\/portal\/wp-content\/uploads\/2020\/02\/27c41401-c038-45ac-944a-0912d07c73c5-800x450.jpg\" src=\"https:\/\/i0.wp.com\/www.paudalho.pe.gov.br\/portal\/wp-content\/uploads\/2020\/02\/27c41401-c038-45ac-944a-0912d07c73c5.jpg?resize=800%2C450&amp;ssl=1\" alt=\"\" data-id=\"10141\" data-link=\"https:\/\/www.paudalho.pe.gov.br\/portal\/?attachment_id=10141\" class=\"wp-image-10141\" srcset=\"https:\/\/www.paudalho.pe.gov.br\/portal\/wp-content\/uploads\/2020\/02\/27c41401-c038-45ac-944a-0912d07c73c5.jpg 1280w, https:\/\/www.paudalho.pe.gov.br\/portal\/wp-content\/uploads\/2020\/02\/27c41401-c038-45ac-944a-0912d07c73c5-768x512.jpg 768w\" sizes=\"auto, (max-width: 1280px) 100vw, 1280px\" \/><\/figure><\/li><li class=\"blocks-gallery-item\"><figure><img loading=\"lazy\" decoding=\"async\" width=\"1280\" height=\"853\" data-attachment-id=\"10143\" data-permalink=\"https:\/\/www.paudalho.pe.gov.br\/portal\/2o-dia-do-carnaval-em-paudalho-e-regado-por-muita-musica-cultura-e-tradicao\/8bf3ccf2-113d-48d7-abce-94c20fa5afa6\/\" data-orig-file=\"https:\/\/www.paudalho.pe.gov.br\/portal\/wp-content\/uploads\/2020\/02\/8bf3ccf2-113d-48d7-abce-94c20fa5afa6.jpg\" data-orig-size=\"1280,853\" data-comments-opened=\"1\" data-image-meta=\"{&quot;aperture&quot;:&quot;0&quot;,&quot;credit&quot;:&quot;&quot;,&quot;camera&quot;:&quot;&quot;,&quot;caption&quot;:&quot;&quot;,&quot;created_timestamp&quot;:&quot;0&quot;,&quot;copyright&quot;:&quot;&quot;,&quot;focal_length&quot;:&quot;0&quot;,&quot;iso&quot;:&quot;0&quot;,&quot;shutter_speed&quot;:&quot;0&quot;,&quot;title&quot;:&quot;&quot;,&quot;orientation&quot;:&quot;0&quot;}\" data-image-title=\"8bf3ccf2-113d-48d7-abce-94c20fa5afa6\" data-image-description=\"\" data-image-caption=\"\" data-medium-file=\"https:\/\/www.paudalho.pe.gov.br\/portal\/wp-content\/uploads\/2020\/02\/8bf3ccf2-113d-48d7-abce-94c20fa5afa6-350x230.jpg\" data-large-file=\"https:\/\/www.paudalho.pe.gov.br\/portal\/wp-content\/uploads\/2020\/02\/8bf3ccf2-113d-48d7-abce-94c20fa5afa6-800x450.jpg\" src=\"https:\/\/i2.wp.com\/www.paudalho.pe.gov.br\/portal\/wp-content\/uploads\/2020\/02\/8bf3ccf2-113d-48d7-abce-94c20fa5afa6.jpg?resize=800%2C450&amp;ssl=1\" alt=\"\" data-id=\"10143\" data-link=\"https:\/\/www.paudalho.pe.gov.br\/portal\/?attachment_id=10143\" class=\"wp-image-10143\" srcset=\"https:\/\/www.paudalho.pe.gov.br\/portal\/wp-content\/uploads\/2020\/02\/8bf3ccf2-113d-48d7-abce-94c20fa5afa6.jpg 1280w, https:\/\/www.paudalho.pe.gov.br\/portal\/wp-content\/uploads\/2020\/02\/8bf3ccf2-113d-48d7-abce-94c20fa5afa6-768x512.jpg 768w\" sizes=\"auto, (max-width: 1280px) 100vw, 1280px\" \/><\/figure><\/li><li class=\"blocks-gallery-item\"><figure><img loading=\"lazy\" decoding=\"async\" width=\"1280\" height=\"853\" data-attachment-id=\"10144\" data-permalink=\"https:\/\/www.paudalho.pe.gov.br\/portal\/2o-dia-do-carnaval-em-paudalho-e-regado-por-muita-musica-cultura-e-tradicao\/a395e1c3-1e5a-42ec-ad1f-3994d6964d82\/\" data-orig-file=\"https:\/\/www.paudalho.pe.gov.br\/portal\/wp-content\/uploads\/2020\/02\/a395e1c3-1e5a-42ec-ad1f-3994d6964d82.jpg\" data-orig-size=\"1280,853\" data-comments-opened=\"1\" data-image-meta=\"{&quot;aperture&quot;:&quot;0&quot;,&quot;credit&quot;:&quot;&quot;,&quot;camera&quot;:&quot;&quot;,&quot;caption&quot;:&quot;&quot;,&quot;created_timestamp&quot;:&quot;0&quot;,&quot;copyright&quot;:&quot;&quot;,&quot;focal_length&quot;:&quot;0&quot;,&quot;iso&quot;:&quot;0&quot;,&quot;shutter_speed&quot;:&quot;0&quot;,&quot;title&quot;:&quot;&quot;,&quot;orientation&quot;:&quot;0&quot;}\" data-image-title=\"a395e1c3-1e5a-42ec-ad1f-3994d6964d82\" data-image-description=\"\" data-image-caption=\"\" data-medium-file=\"https:\/\/www.paudalho.pe.gov.br\/portal\/wp-content\/uploads\/2020\/02\/a395e1c3-1e5a-42ec-ad1f-3994d6964d82-350x230.jpg\" data-large-file=\"https:\/\/www.paudalho.pe.gov.br\/portal\/wp-content\/uploads\/2020\/02\/a395e1c3-1e5a-42ec-ad1f-3994d6964d82-800x450.jpg\" src=\"https:\/\/i2.wp.com\/www.paudalho.pe.gov.br\/portal\/wp-content\/uploads\/2020\/02\/a395e1c3-1e5a-42ec-ad1f-3994d6964d82.jpg?resize=800%2C450&amp;ssl=1\" alt=\"\" data-id=\"10144\" data-link=\"https:\/\/www.paudalho.pe.gov.br\/portal\/?attachment_id=10144\" class=\"wp-image-10144\" srcset=\"https:\/\/www.paudalho.pe.gov.br\/portal\/wp-content\/uploads\/2020\/02\/a395e1c3-1e5a-42ec-ad1f-3994d6964d82.jpg 1280w, https:\/\/www.paudalho.pe.gov.br\/portal\/wp-content\/uploads\/2020\/02\/a395e1c3-1e5a-42ec-ad1f-3994d6964d82-768x512.jpg 768w\" sizes=\"auto, (max-width: 1280px) 100vw, 1280px\" \/><\/figure><\/li><li class=\"blocks-gallery-item\"><figure><img loading=\"lazy\" decoding=\"async\" width=\"1280\" height=\"853\" data-attachment-id=\"10145\" data-permalink=\"https:\/\/www.paudalho.pe.gov.br\/portal\/2o-dia-do-carnaval-em-paudalho-e-regado-por-muita-musica-cultura-e-tradicao\/d42e4c2d-752d-4887-be08-2d439d6d09d3\/\" data-orig-file=\"https:\/\/www.paudalho.pe.gov.br\/portal\/wp-content\/uploads\/2020\/02\/d42e4c2d-752d-4887-be08-2d439d6d09d3.jpg\" data-orig-size=\"1280,853\" data-comments-opened=\"1\" data-image-meta=\"{&quot;aperture&quot;:&quot;0&quot;,&quot;credit&quot;:&quot;&quot;,&quot;camera&quot;:&quot;&quot;,&quot;caption&quot;:&quot;&quot;,&quot;created_timestamp&quot;:&quot;0&quot;,&quot;copyright&quot;:&quot;&quot;,&quot;focal_length&quot;:&quot;0&quot;,&quot;iso&quot;:&quot;0&quot;,&quot;shutter_speed&quot;:&quot;0&quot;,&quot;title&quot;:&quot;&quot;,&quot;orientation&quot;:&quot;0&quot;}\" data-image-title=\"d42e4c2d-752d-4887-be08-2d439d6d09d3\" data-image-description=\"\" data-image-caption=\"\" data-medium-file=\"https:\/\/www.paudalho.pe.gov.br\/portal\/wp-content\/uploads\/2020\/02\/d42e4c2d-752d-4887-be08-2d439d6d09d3-350x230.jpg\" data-large-file=\"https:\/\/www.paudalho.pe.gov.br\/portal\/wp-content\/uploads\/2020\/02\/d42e4c2d-752d-4887-be08-2d439d6d09d3-800x450.jpg\" src=\"https:\/\/i1.wp.com\/www.paudalho.pe.gov.br\/portal\/wp-content\/uploads\/2020\/02\/d42e4c2d-752d-4887-be08-2d439d6d09d3.jpg?resize=800%2C450&amp;ssl=1\" alt=\"\" data-id=\"10145\" data-link=\"https:\/\/www.paudalho.pe.gov.br\/portal\/?attachment_id=10145\" class=\"wp-image-10145\" srcset=\"https:\/\/www.paudalho.pe.gov.br\/portal\/wp-content\/uploads\/2020\/02\/d42e4c2d-752d-4887-be08-2d439d6d09d3.jpg 1280w, https:\/\/www.paudalho.pe.gov.br\/portal\/wp-content\/uploads\/2020\/02\/d42e4c2d-752d-4887-be08-2d439d6d09d3-768x512.jpg 768w\" sizes=\"auto, (max-width: 1280px) 100vw, 1280px\" \/><\/figure><\/li><li class=\"blocks-gallery-item\"><figure><img loading=\"lazy\" decoding=\"async\" width=\"1280\" height=\"853\" data-attachment-id=\"10147\" data-permalink=\"https:\/\/www.paudalho.pe.gov.br\/portal\/2o-dia-do-carnaval-em-paudalho-e-regado-por-muita-musica-cultura-e-tradicao\/7ae13da1-3a8a-43c1-a04d-a06fdc845308\/\" data-orig-file=\"https:\/\/www.paudalho.pe.gov.br\/portal\/wp-content\/uploads\/2020\/02\/7ae13da1-3a8a-43c1-a04d-a06fdc845308.jpg\" data-orig-size=\"1280,853\" data-comments-opened=\"1\" data-image-meta=\"{&quot;aperture&quot;:&quot;0&quot;,&quot;credit&quot;:&quot;&quot;,&quot;camera&quot;:&quot;&quot;,&quot;caption&quot;:&quot;&quot;,&quot;created_timestamp&quot;:&quot;0&quot;,&quot;copyright&quot;:&quot;&quot;,&quot;focal_length&quot;:&quot;0&quot;,&quot;iso&quot;:&quot;0&quot;,&quot;shutter_speed&quot;:&quot;0&quot;,&quot;title&quot;:&quot;&quot;,&quot;orientation&quot;:&quot;0&quot;}\" data-image-title=\"7ae13da1-3a8a-43c1-a04d-a06fdc845308\" data-image-description=\"\" data-image-caption=\"\" data-medium-file=\"https:\/\/www.paudalho.pe.gov.br\/portal\/wp-content\/uploads\/2020\/02\/7ae13da1-3a8a-43c1-a04d-a06fdc845308-350x230.jpg\" data-large-file=\"https:\/\/www.paudalho.pe.gov.br\/portal\/wp-content\/uploads\/2020\/02\/7ae13da1-3a8a-43c1-a04d-a06fdc845308-800x450.jpg\" src=\"https:\/\/i1.wp.com\/www.paudalho.pe.gov.br\/portal\/wp-content\/uploads\/2020\/02\/7ae13da1-3a8a-43c1-a04d-a06fdc845308.jpg?resize=800%2C450&amp;ssl=1\" alt=\"\" data-id=\"10147\" data-link=\"https:\/\/www.paudalho.pe.gov.br\/portal\/?attachment_id=10147\" class=\"wp-image-10147\" srcset=\"https:\/\/www.paudalho.pe.gov.br\/portal\/wp-content\/uploads\/2020\/02\/7ae13da1-3a8a-43c1-a04d-a06fdc845308.jpg 1280w, https:\/\/www.paudalho.pe.gov.br\/portal\/wp-content\/uploads\/2020\/02\/7ae13da1-3a8a-43c1-a04d-a06fdc845308-768x512.jpg 768w\" sizes=\"auto, (max-width: 1280px) 100vw, 1280px\" \/><\/figure><\/li><li class=\"blocks-gallery-item\"><figure><img loading=\"lazy\" decoding=\"async\" width=\"1280\" height=\"853\" data-attachment-id=\"10149\" data-permalink=\"https:\/\/www.paudalho.pe.gov.br\/portal\/2o-dia-do-carnaval-em-paudalho-e-regado-por-muita-musica-cultura-e-tradicao\/a9584c52-011d-4e0b-b8b4-25fe3904fa87\/\" data-orig-file=\"https:\/\/www.paudalho.pe.gov.br\/portal\/wp-content\/uploads\/2020\/02\/a9584c52-011d-4e0b-b8b4-25fe3904fa87.jpg\" data-orig-size=\"1280,853\" data-comments-opened=\"1\" data-image-meta=\"{&quot;aperture&quot;:&quot;0&quot;,&quot;credit&quot;:&quot;&quot;,&quot;camera&quot;:&quot;&quot;,&quot;caption&quot;:&quot;&quot;,&quot;created_timestamp&quot;:&quot;0&quot;,&quot;copyright&quot;:&quot;&quot;,&quot;focal_length&quot;:&quot;0&quot;,&quot;iso&quot;:&quot;0&quot;,&quot;shutter_speed&quot;:&quot;0&quot;,&quot;title&quot;:&quot;&quot;,&quot;orientation&quot;:&quot;0&quot;}\" data-image-title=\"a9584c52-011d-4e0b-b8b4-25fe3904fa87\" data-image-description=\"\" data-image-caption=\"\" data-medium-file=\"https:\/\/www.paudalho.pe.gov.br\/portal\/wp-content\/uploads\/2020\/02\/a9584c52-011d-4e0b-b8b4-25fe3904fa87-350x230.jpg\" data-large-file=\"https:\/\/www.paudalho.pe.gov.br\/portal\/wp-content\/uploads\/2020\/02\/a9584c52-011d-4e0b-b8b4-25fe3904fa87-800x450.jpg\" src=\"https:\/\/i1.wp.com\/www.paudalho.pe.gov.br\/portal\/wp-content\/uploads\/2020\/02\/a9584c52-011d-4e0b-b8b4-25fe3904fa87.jpg?resize=800%2C450&amp;ssl=1\" alt=\"\" data-id=\"10149\" data-link=\"https:\/\/www.paudalho.pe.gov.br\/portal\/?attachment_id=10149\" class=\"wp-image-10149\" srcset=\"https:\/\/www.paudalho.pe.gov.br\/portal\/wp-content\/uploads\/2020\/02\/a9584c52-011d-4e0b-b8b4-25fe3904fa87.jpg 1280w, https:\/\/www.paudalho.pe.gov.br\/portal\/wp-content\/uploads\/2020\/02\/a9584c52-011d-4e0b-b8b4-25fe3904fa87-768x512.jpg 768w\" sizes=\"auto, (max-width: 1280px) 100vw, 1280px\" \/><\/figure><\/li><li class=\"blocks-gallery-item\"><figure><img loading=\"lazy\" decoding=\"async\" width=\"1280\" height=\"853\" data-attachment-id=\"10151\" data-permalink=\"https:\/\/www.paudalho.pe.gov.br\/portal\/2o-dia-do-carnaval-em-paudalho-e-regado-por-muita-musica-cultura-e-tradicao\/ddd07671-6f1f-468f-a48e-ba2deed9dde6\/\" data-orig-file=\"https:\/\/www.paudalho.pe.gov.br\/portal\/wp-content\/uploads\/2020\/02\/ddd07671-6f1f-468f-a48e-ba2deed9dde6.jpg\" data-orig-size=\"1280,853\" data-comments-opened=\"1\" data-image-meta=\"{&quot;aperture&quot;:&quot;0&quot;,&quot;credit&quot;:&quot;&quot;,&quot;camera&quot;:&quot;&quot;,&quot;caption&quot;:&quot;&quot;,&quot;created_timestamp&quot;:&quot;0&quot;,&quot;copyright&quot;:&quot;&quot;,&quot;focal_length&quot;:&quot;0&quot;,&quot;iso&quot;:&quot;0&quot;,&quot;shutter_speed&quot;:&quot;0&quot;,&quot;title&quot;:&quot;&quot;,&quot;orientation&quot;:&quot;0&quot;}\" data-image-title=\"ddd07671-6f1f-468f-a48e-ba2deed9dde6\" data-image-description=\"\" data-image-caption=\"\" data-medium-file=\"https:\/\/www.paudalho.pe.gov.br\/portal\/wp-content\/uploads\/2020\/02\/ddd07671-6f1f-468f-a48e-ba2deed9dde6-350x230.jpg\" data-large-file=\"https:\/\/www.paudalho.pe.gov.br\/portal\/wp-content\/uploads\/2020\/02\/ddd07671-6f1f-468f-a48e-ba2deed9dde6-800x450.jpg\" src=\"https:\/\/i1.wp.com\/www.paudalho.pe.gov.br\/portal\/wp-content\/uploads\/2020\/02\/ddd07671-6f1f-468f-a48e-ba2deed9dde6.jpg?resize=800%2C450&amp;ssl=1\" alt=\"\" data-id=\"10151\" data-link=\"https:\/\/www.paudalho.pe.gov.br\/portal\/?attachment_id=10151\" class=\"wp-image-10151\" srcset=\"https:\/\/www.paudalho.pe.gov.br\/portal\/wp-content\/uploads\/2020\/02\/ddd07671-6f1f-468f-a48e-ba2deed9dde6.jpg 1280w, https:\/\/www.paudalho.pe.gov.br\/portal\/wp-content\/uploads\/2020\/02\/ddd07671-6f1f-468f-a48e-ba2deed9dde6-768x512.jpg 768w\" sizes=\"auto, (max-width: 1280px) 100vw, 1280px\" \/><\/figure><\/li><li class=\"blocks-gallery-item\"><figure><img loading=\"lazy\" decoding=\"async\" width=\"1280\" height=\"853\" data-attachment-id=\"10153\" data-permalink=\"https:\/\/www.paudalho.pe.gov.br\/portal\/2o-dia-do-carnaval-em-paudalho-e-regado-por-muita-musica-cultura-e-tradicao\/d995fbc3-abbf-4369-baca-7b6e5faf7269\/\" data-orig-file=\"https:\/\/www.paudalho.pe.gov.br\/portal\/wp-content\/uploads\/2020\/02\/d995fbc3-abbf-4369-baca-7b6e5faf7269.jpg\" data-orig-size=\"1280,853\" data-comments-opened=\"1\" data-image-meta=\"{&quot;aperture&quot;:&quot;0&quot;,&quot;credit&quot;:&quot;&quot;,&quot;camera&quot;:&quot;&quot;,&quot;caption&quot;:&quot;&quot;,&quot;created_timestamp&quot;:&quot;0&quot;,&quot;copyright&quot;:&quot;&quot;,&quot;focal_length&quot;:&quot;0&quot;,&quot;iso&quot;:&quot;0&quot;,&quot;shutter_speed&quot;:&quot;0&quot;,&quot;title&quot;:&quot;&quot;,&quot;orientation&quot;:&quot;0&quot;}\" data-image-title=\"d995fbc3-abbf-4369-baca-7b6e5faf7269\" data-image-description=\"\" data-image-caption=\"\" data-medium-file=\"https:\/\/www.paudalho.pe.gov.br\/portal\/wp-content\/uploads\/2020\/02\/d995fbc3-abbf-4369-baca-7b6e5faf7269-350x230.jpg\" data-large-file=\"https:\/\/www.paudalho.pe.gov.br\/portal\/wp-content\/uploads\/2020\/02\/d995fbc3-abbf-4369-baca-7b6e5faf7269-800x450.jpg\" src=\"https:\/\/i0.wp.com\/www.paudalho.pe.gov.br\/portal\/wp-content\/uploads\/2020\/02\/d995fbc3-abbf-4369-baca-7b6e5faf7269.jpg?resize=800%2C450&amp;ssl=1\" alt=\"\" data-id=\"10153\" data-link=\"https:\/\/www.paudalho.pe.gov.br\/portal\/?attachment_id=10153\" class=\"wp-image-10153\" srcset=\"https:\/\/www.paudalho.pe.gov.br\/portal\/wp-content\/uploads\/2020\/02\/d995fbc3-abbf-4369-baca-7b6e5faf7269.jpg 1280w, https:\/\/www.paudalho.pe.gov.br\/portal\/wp-content\/uploads\/2020\/02\/d995fbc3-abbf-4369-baca-7b6e5faf7269-768x512.jpg 768w\" sizes=\"auto, (max-width: 1280px) 100vw, 1280px\" \/><\/figure><\/li><li class=\"blocks-gallery-item\"><figure><img loading=\"lazy\" decoding=\"async\" width=\"1280\" height=\"853\" data-attachment-id=\"10154\" data-permalink=\"https:\/\/www.paudalho.pe.gov.br\/portal\/2o-dia-do-carnaval-em-paudalho-e-regado-por-muita-musica-cultura-e-tradicao\/092c9e5e-7f8a-4aeb-b68d-8c25fb5253fd\/\" data-orig-file=\"https:\/\/www.paudalho.pe.gov.br\/portal\/wp-content\/uploads\/2020\/02\/092c9e5e-7f8a-4aeb-b68d-8c25fb5253fd.jpg\" data-orig-size=\"1280,853\" data-comments-opened=\"1\" data-image-meta=\"{&quot;aperture&quot;:&quot;0&quot;,&quot;credit&quot;:&quot;&quot;,&quot;camera&quot;:&quot;&quot;,&quot;caption&quot;:&quot;&quot;,&quot;created_timestamp&quot;:&quot;0&quot;,&quot;copyright&quot;:&quot;&quot;,&quot;focal_length&quot;:&quot;0&quot;,&quot;iso&quot;:&quot;0&quot;,&quot;shutter_speed&quot;:&quot;0&quot;,&quot;title&quot;:&quot;&quot;,&quot;orientation&quot;:&quot;0&quot;}\" data-image-title=\"092c9e5e-7f8a-4aeb-b68d-8c25fb5253fd\" data-image-description=\"\" data-image-caption=\"\" data-medium-file=\"https:\/\/www.paudalho.pe.gov.br\/portal\/wp-content\/uploads\/2020\/02\/092c9e5e-7f8a-4aeb-b68d-8c25fb5253fd-350x230.jpg\" data-large-file=\"https:\/\/www.paudalho.pe.gov.br\/portal\/wp-content\/uploads\/2020\/02\/092c9e5e-7f8a-4aeb-b68d-8c25fb5253fd-800x450.jpg\" src=\"https:\/\/i0.wp.com\/www.paudalho.pe.gov.br\/portal\/wp-content\/uploads\/2020\/02\/092c9e5e-7f8a-4aeb-b68d-8c25fb5253fd.jpg?resize=800%2C450&amp;ssl=1\" alt=\"\" data-id=\"10154\" data-full-url=\"https:\/\/i0.wp.com\/www.paudalho.pe.gov.br\/portal\/wp-content\/uploads\/2020\/02\/092c9e5e-7f8a-4aeb-b68d-8c25fb5253fd.jpg?fit=1280%2C853&amp;ssl=1\" data-link=\"https:\/\/www.paudalho.pe.gov.br\/portal\/?attachment_id=10154\" class=\"wp-image-10154\" srcset=\"https:\/\/www.paudalho.pe.gov.br\/portal\/wp-content\/uploads\/2020\/02\/092c9e5e-7f8a-4aeb-b68d-8c25fb5253fd.jpg 1280w, https:\/\/www.paudalho.pe.gov.br\/portal\/wp-content\/uploads\/2020\/02\/092c9e5e-7f8a-4aeb-b68d-8c25fb5253fd-768x512.jpg 768w\" sizes=\"auto, (max-width: 1280px) 100vw, 1280px\" \/><\/figure><\/li><\/ul><\/figure>\n\n\n\n<p>O Carnaval \u00e9 uma das festas mais esperadas do ano por vendedores da cidade, porque o grande fluxo de pessoas aquece o com\u00e9rcio. E os comerciantes j\u00e1 comemoram! \u201cA gente sempre espera o Carnaval que \u00e9 um \u00e9poca onde favorece muito as vendas. No primeiro dia j\u00e1 vendi 100%&#8221;, disse Tain\u00e1 Aline, que comercializa sacol\u00e9s gourmet.<\/p>\n\n\n\n<h3 class=\"wp-block-heading\">Festa da cultura <\/h3>\n\n\n\n<p>Al\u00e9m do Banho de Frevo, a celebra\u00e7\u00e3o conta com o Polo Cultural onde desfilam diversas manifesta\u00e7\u00f5es, como: bois, caboclinhos, escolas de samba e maracatus. No local ainda se apresentaram Xuxu a Perigosa, Eduarda Alves e a banda Chicote El\u00e9trico. A vocalista do grupo, Lili Trindade, tamb\u00e9m comentou sobre a emo\u00e7\u00e3o de cantar no festejo. \u201cPosso dizer que Paudalho \u00e9 sim o maior Carnaval do interior de Pernambuco\u201d, destacou. <\/p>\n\n\n\n<figure class=\"wp-block-gallery columns-3 is-cropped wp-block-gallery-2 is-layout-flex wp-block-gallery-is-layout-flex\"><ul class=\"blocks-gallery-grid\"><li class=\"blocks-gallery-item\"><figure><img loading=\"lazy\" decoding=\"async\" width=\"1280\" height=\"853\" data-attachment-id=\"10156\" data-permalink=\"https:\/\/www.paudalho.pe.gov.br\/portal\/2o-dia-do-carnaval-em-paudalho-e-regado-por-muita-musica-cultura-e-tradicao\/3c2a5924-d134-41a0-8f4f-eaffc92ec50a\/\" data-orig-file=\"https:\/\/www.paudalho.pe.gov.br\/portal\/wp-content\/uploads\/2020\/02\/3c2a5924-d134-41a0-8f4f-eaffc92ec50a.jpg\" data-orig-size=\"1280,853\" data-comments-opened=\"1\" data-image-meta=\"{&quot;aperture&quot;:&quot;0&quot;,&quot;credit&quot;:&quot;&quot;,&quot;camera&quot;:&quot;&quot;,&quot;caption&quot;:&quot;&quot;,&quot;created_timestamp&quot;:&quot;0&quot;,&quot;copyright&quot;:&quot;&quot;,&quot;focal_length&quot;:&quot;0&quot;,&quot;iso&quot;:&quot;0&quot;,&quot;shutter_speed&quot;:&quot;0&quot;,&quot;title&quot;:&quot;&quot;,&quot;orientation&quot;:&quot;0&quot;}\" data-image-title=\"3c2a5924-d134-41a0-8f4f-eaffc92ec50a\" data-image-description=\"\" data-image-caption=\"\" data-medium-file=\"https:\/\/www.paudalho.pe.gov.br\/portal\/wp-content\/uploads\/2020\/02\/3c2a5924-d134-41a0-8f4f-eaffc92ec50a-350x230.jpg\" data-large-file=\"https:\/\/www.paudalho.pe.gov.br\/portal\/wp-content\/uploads\/2020\/02\/3c2a5924-d134-41a0-8f4f-eaffc92ec50a-800x450.jpg\" src=\"https:\/\/i1.wp.com\/www.paudalho.pe.gov.br\/portal\/wp-content\/uploads\/2020\/02\/3c2a5924-d134-41a0-8f4f-eaffc92ec50a.jpg?resize=800%2C450&amp;ssl=1\" alt=\"\" data-id=\"10156\" data-link=\"https:\/\/www.paudalho.pe.gov.br\/portal\/?attachment_id=10156\" class=\"wp-image-10156\" srcset=\"https:\/\/www.paudalho.pe.gov.br\/portal\/wp-content\/uploads\/2020\/02\/3c2a5924-d134-41a0-8f4f-eaffc92ec50a.jpg 1280w, https:\/\/www.paudalho.pe.gov.br\/portal\/wp-content\/uploads\/2020\/02\/3c2a5924-d134-41a0-8f4f-eaffc92ec50a-768x512.jpg 768w\" sizes=\"auto, (max-width: 1280px) 100vw, 1280px\" \/><\/figure><\/li><li class=\"blocks-gallery-item\"><figure><img loading=\"lazy\" decoding=\"async\" width=\"1280\" height=\"853\" data-attachment-id=\"10158\" data-permalink=\"https:\/\/www.paudalho.pe.gov.br\/portal\/2o-dia-do-carnaval-em-paudalho-e-regado-por-muita-musica-cultura-e-tradicao\/79a0dc88-29f3-4b1d-a8ab-f3df83f27051\/\" data-orig-file=\"https:\/\/www.paudalho.pe.gov.br\/portal\/wp-content\/uploads\/2020\/02\/79a0dc88-29f3-4b1d-a8ab-f3df83f27051.jpg\" data-orig-size=\"1280,853\" data-comments-opened=\"1\" data-image-meta=\"{&quot;aperture&quot;:&quot;0&quot;,&quot;credit&quot;:&quot;&quot;,&quot;camera&quot;:&quot;&quot;,&quot;caption&quot;:&quot;&quot;,&quot;created_timestamp&quot;:&quot;0&quot;,&quot;copyright&quot;:&quot;&quot;,&quot;focal_length&quot;:&quot;0&quot;,&quot;iso&quot;:&quot;0&quot;,&quot;shutter_speed&quot;:&quot;0&quot;,&quot;title&quot;:&quot;&quot;,&quot;orientation&quot;:&quot;0&quot;}\" data-image-title=\"79a0dc88-29f3-4b1d-a8ab-f3df83f27051\" data-image-description=\"\" data-image-caption=\"\" data-medium-file=\"https:\/\/www.paudalho.pe.gov.br\/portal\/wp-content\/uploads\/2020\/02\/79a0dc88-29f3-4b1d-a8ab-f3df83f27051-350x230.jpg\" data-large-file=\"https:\/\/www.paudalho.pe.gov.br\/portal\/wp-content\/uploads\/2020\/02\/79a0dc88-29f3-4b1d-a8ab-f3df83f27051-800x450.jpg\" src=\"https:\/\/i1.wp.com\/www.paudalho.pe.gov.br\/portal\/wp-content\/uploads\/2020\/02\/79a0dc88-29f3-4b1d-a8ab-f3df83f27051.jpg?resize=800%2C450&amp;ssl=1\" alt=\"\" data-id=\"10158\" data-link=\"https:\/\/www.paudalho.pe.gov.br\/portal\/?attachment_id=10158\" class=\"wp-image-10158\" srcset=\"https:\/\/www.paudalho.pe.gov.br\/portal\/wp-content\/uploads\/2020\/02\/79a0dc88-29f3-4b1d-a8ab-f3df83f27051.jpg 1280w, https:\/\/www.paudalho.pe.gov.br\/portal\/wp-content\/uploads\/2020\/02\/79a0dc88-29f3-4b1d-a8ab-f3df83f27051-768x512.jpg 768w\" sizes=\"auto, (max-width: 1280px) 100vw, 1280px\" \/><\/figure><\/li><li class=\"blocks-gallery-item\"><figure><img loading=\"lazy\" decoding=\"async\" width=\"1280\" height=\"853\" data-attachment-id=\"10160\" data-permalink=\"https:\/\/www.paudalho.pe.gov.br\/portal\/2o-dia-do-carnaval-em-paudalho-e-regado-por-muita-musica-cultura-e-tradicao\/c85af589-41bf-400f-b0b7-45f809f40202\/\" data-orig-file=\"https:\/\/www.paudalho.pe.gov.br\/portal\/wp-content\/uploads\/2020\/02\/c85af589-41bf-400f-b0b7-45f809f40202.jpg\" data-orig-size=\"1280,853\" data-comments-opened=\"1\" data-image-meta=\"{&quot;aperture&quot;:&quot;0&quot;,&quot;credit&quot;:&quot;&quot;,&quot;camera&quot;:&quot;&quot;,&quot;caption&quot;:&quot;&quot;,&quot;created_timestamp&quot;:&quot;0&quot;,&quot;copyright&quot;:&quot;&quot;,&quot;focal_length&quot;:&quot;0&quot;,&quot;iso&quot;:&quot;0&quot;,&quot;shutter_speed&quot;:&quot;0&quot;,&quot;title&quot;:&quot;&quot;,&quot;orientation&quot;:&quot;0&quot;}\" data-image-title=\"c85af589-41bf-400f-b0b7-45f809f40202\" data-image-description=\"\" data-image-caption=\"\" data-medium-file=\"https:\/\/www.paudalho.pe.gov.br\/portal\/wp-content\/uploads\/2020\/02\/c85af589-41bf-400f-b0b7-45f809f40202-350x230.jpg\" data-large-file=\"https:\/\/www.paudalho.pe.gov.br\/portal\/wp-content\/uploads\/2020\/02\/c85af589-41bf-400f-b0b7-45f809f40202-800x450.jpg\" src=\"https:\/\/i0.wp.com\/www.paudalho.pe.gov.br\/portal\/wp-content\/uploads\/2020\/02\/c85af589-41bf-400f-b0b7-45f809f40202.jpg?resize=800%2C450&amp;ssl=1\" alt=\"\" data-id=\"10160\" data-link=\"https:\/\/www.paudalho.pe.gov.br\/portal\/?attachment_id=10160\" class=\"wp-image-10160\" srcset=\"https:\/\/www.paudalho.pe.gov.br\/portal\/wp-content\/uploads\/2020\/02\/c85af589-41bf-400f-b0b7-45f809f40202.jpg 1280w, https:\/\/www.paudalho.pe.gov.br\/portal\/wp-content\/uploads\/2020\/02\/c85af589-41bf-400f-b0b7-45f809f40202-768x512.jpg 768w\" sizes=\"auto, (max-width: 1280px) 100vw, 1280px\" \/><\/figure><\/li><\/ul><\/figure>\n\n\n\n<p>O dia ainda separou muitos tradi\u00e7\u00e3o em um verdadeiro show de cultura, onde as ruas ficaram mais coloridas, com o desfile do Clube Lenhadores. \u201cMeu clube est\u00e1 passando e tudo ficou maravilhoso, estou feliz\u201d, comentou a paudalhense, Luciana Santos.<\/p>\n\n\n\n<figure class=\"wp-block-gallery columns-3 is-cropped wp-block-gallery-3 is-layout-flex wp-block-gallery-is-layout-flex\"><ul class=\"blocks-gallery-grid\"><li class=\"blocks-gallery-item\"><figure><img loading=\"lazy\" decoding=\"async\" width=\"1280\" height=\"853\" data-attachment-id=\"10163\" data-permalink=\"https:\/\/www.paudalho.pe.gov.br\/portal\/2o-dia-do-carnaval-em-paudalho-e-regado-por-muita-musica-cultura-e-tradicao\/cc3b51b3-f5f9-4cae-9426-617cfba220a2\/\" data-orig-file=\"https:\/\/www.paudalho.pe.gov.br\/portal\/wp-content\/uploads\/2020\/02\/cc3b51b3-f5f9-4cae-9426-617cfba220a2.jpg\" data-orig-size=\"1280,853\" data-comments-opened=\"1\" data-image-meta=\"{&quot;aperture&quot;:&quot;0&quot;,&quot;credit&quot;:&quot;&quot;,&quot;camera&quot;:&quot;&quot;,&quot;caption&quot;:&quot;&quot;,&quot;created_timestamp&quot;:&quot;0&quot;,&quot;copyright&quot;:&quot;&quot;,&quot;focal_length&quot;:&quot;0&quot;,&quot;iso&quot;:&quot;0&quot;,&quot;shutter_speed&quot;:&quot;0&quot;,&quot;title&quot;:&quot;&quot;,&quot;orientation&quot;:&quot;0&quot;}\" data-image-title=\"cc3b51b3-f5f9-4cae-9426-617cfba220a2\" data-image-description=\"\" data-image-caption=\"\" data-medium-file=\"https:\/\/www.paudalho.pe.gov.br\/portal\/wp-content\/uploads\/2020\/02\/cc3b51b3-f5f9-4cae-9426-617cfba220a2-350x230.jpg\" data-large-file=\"https:\/\/www.paudalho.pe.gov.br\/portal\/wp-content\/uploads\/2020\/02\/cc3b51b3-f5f9-4cae-9426-617cfba220a2-800x450.jpg\" src=\"https:\/\/i1.wp.com\/www.paudalho.pe.gov.br\/portal\/wp-content\/uploads\/2020\/02\/cc3b51b3-f5f9-4cae-9426-617cfba220a2.jpg?resize=800%2C450&amp;ssl=1\" alt=\"\" data-id=\"10163\" data-link=\"https:\/\/www.paudalho.pe.gov.br\/portal\/?attachment_id=10163\" class=\"wp-image-10163\" srcset=\"https:\/\/www.paudalho.pe.gov.br\/portal\/wp-content\/uploads\/2020\/02\/cc3b51b3-f5f9-4cae-9426-617cfba220a2.jpg 1280w, https:\/\/www.paudalho.pe.gov.br\/portal\/wp-content\/uploads\/2020\/02\/cc3b51b3-f5f9-4cae-9426-617cfba220a2-768x512.jpg 768w\" sizes=\"auto, (max-width: 1280px) 100vw, 1280px\" \/><\/figure><\/li><li class=\"blocks-gallery-item\"><figure><img loading=\"lazy\" decoding=\"async\" width=\"1280\" height=\"853\" data-attachment-id=\"10165\" data-permalink=\"https:\/\/www.paudalho.pe.gov.br\/portal\/2o-dia-do-carnaval-em-paudalho-e-regado-por-muita-musica-cultura-e-tradicao\/c70a18c1-d155-4f1a-a7d3-88aa2e5289f2\/\" data-orig-file=\"https:\/\/www.paudalho.pe.gov.br\/portal\/wp-content\/uploads\/2020\/02\/c70a18c1-d155-4f1a-a7d3-88aa2e5289f2.jpg\" data-orig-size=\"1280,853\" data-comments-opened=\"1\" data-image-meta=\"{&quot;aperture&quot;:&quot;0&quot;,&quot;credit&quot;:&quot;&quot;,&quot;camera&quot;:&quot;&quot;,&quot;caption&quot;:&quot;&quot;,&quot;created_timestamp&quot;:&quot;0&quot;,&quot;copyright&quot;:&quot;&quot;,&quot;focal_length&quot;:&quot;0&quot;,&quot;iso&quot;:&quot;0&quot;,&quot;shutter_speed&quot;:&quot;0&quot;,&quot;title&quot;:&quot;&quot;,&quot;orientation&quot;:&quot;0&quot;}\" data-image-title=\"c70a18c1-d155-4f1a-a7d3-88aa2e5289f2\" data-image-description=\"\" data-image-caption=\"\" data-medium-file=\"https:\/\/www.paudalho.pe.gov.br\/portal\/wp-content\/uploads\/2020\/02\/c70a18c1-d155-4f1a-a7d3-88aa2e5289f2-350x230.jpg\" data-large-file=\"https:\/\/www.paudalho.pe.gov.br\/portal\/wp-content\/uploads\/2020\/02\/c70a18c1-d155-4f1a-a7d3-88aa2e5289f2-800x450.jpg\" src=\"https:\/\/i1.wp.com\/www.paudalho.pe.gov.br\/portal\/wp-content\/uploads\/2020\/02\/c70a18c1-d155-4f1a-a7d3-88aa2e5289f2.jpg?resize=800%2C450&amp;ssl=1\" alt=\"\" data-id=\"10165\" data-link=\"https:\/\/www.paudalho.pe.gov.br\/portal\/?attachment_id=10165\" class=\"wp-image-10165\" srcset=\"https:\/\/www.paudalho.pe.gov.br\/portal\/wp-content\/uploads\/2020\/02\/c70a18c1-d155-4f1a-a7d3-88aa2e5289f2.jpg 1280w, https:\/\/www.paudalho.pe.gov.br\/portal\/wp-content\/uploads\/2020\/02\/c70a18c1-d155-4f1a-a7d3-88aa2e5289f2-768x512.jpg 768w\" sizes=\"auto, (max-width: 1280px) 100vw, 1280px\" \/><\/figure><\/li><li class=\"blocks-gallery-item\"><figure><img loading=\"lazy\" decoding=\"async\" width=\"1280\" height=\"853\" data-attachment-id=\"10167\" data-permalink=\"https:\/\/www.paudalho.pe.gov.br\/portal\/2o-dia-do-carnaval-em-paudalho-e-regado-por-muita-musica-cultura-e-tradicao\/fec0717c-9b9d-4497-9c49-f1ed12bcf56f\/\" data-orig-file=\"https:\/\/www.paudalho.pe.gov.br\/portal\/wp-content\/uploads\/2020\/02\/fec0717c-9b9d-4497-9c49-f1ed12bcf56f.jpg\" data-orig-size=\"1280,853\" data-comments-opened=\"1\" data-image-meta=\"{&quot;aperture&quot;:&quot;0&quot;,&quot;credit&quot;:&quot;&quot;,&quot;camera&quot;:&quot;&quot;,&quot;caption&quot;:&quot;&quot;,&quot;created_timestamp&quot;:&quot;0&quot;,&quot;copyright&quot;:&quot;&quot;,&quot;focal_length&quot;:&quot;0&quot;,&quot;iso&quot;:&quot;0&quot;,&quot;shutter_speed&quot;:&quot;0&quot;,&quot;title&quot;:&quot;&quot;,&quot;orientation&quot;:&quot;0&quot;}\" data-image-title=\"fec0717c-9b9d-4497-9c49-f1ed12bcf56f\" data-image-description=\"\" data-image-caption=\"\" data-medium-file=\"https:\/\/www.paudalho.pe.gov.br\/portal\/wp-content\/uploads\/2020\/02\/fec0717c-9b9d-4497-9c49-f1ed12bcf56f-350x230.jpg\" data-large-file=\"https:\/\/www.paudalho.pe.gov.br\/portal\/wp-content\/uploads\/2020\/02\/fec0717c-9b9d-4497-9c49-f1ed12bcf56f-800x450.jpg\" src=\"https:\/\/i0.wp.com\/www.paudalho.pe.gov.br\/portal\/wp-content\/uploads\/2020\/02\/fec0717c-9b9d-4497-9c49-f1ed12bcf56f.jpg?resize=800%2C450&amp;ssl=1\" alt=\"\" data-id=\"10167\" data-full-url=\"https:\/\/i0.wp.com\/www.paudalho.pe.gov.br\/portal\/wp-content\/uploads\/2020\/02\/fec0717c-9b9d-4497-9c49-f1ed12bcf56f.jpg?fit=1280%2C853&amp;ssl=1\" data-link=\"https:\/\/www.paudalho.pe.gov.br\/portal\/?attachment_id=10167\" class=\"wp-image-10167\" srcset=\"https:\/\/www.paudalho.pe.gov.br\/portal\/wp-content\/uploads\/2020\/02\/fec0717c-9b9d-4497-9c49-f1ed12bcf56f.jpg 1280w, https:\/\/www.paudalho.pe.gov.br\/portal\/wp-content\/uploads\/2020\/02\/fec0717c-9b9d-4497-9c49-f1ed12bcf56f-768x512.jpg 768w\" sizes=\"auto, (max-width: 1280px) 100vw, 1280px\" \/><\/figure><\/li><\/ul><\/figure>\n\n\n\n<p>Por: Guilherme Ricardo. <\/p>\n","protected":false},"excerpt":{"rendered":"<p>Milhares de pessoas participaram do segundo dia de Carnaval de Paudalho, considerado o maior do interior de Pernambuco. Nesta segunda-feira (24), o Banho de Frevo Infantil, no P\u00e1tio de Eventos Beira-Rio, iniciou mais uma vez a festividade com apresenta\u00e7\u00e3o da Barca Maluka animando desde crian\u00e7as at\u00e9 os adultos. A tarde, no Banho de Frevo, foi [&hellip;]<\/p>\n","protected":false},"author":4,"featured_media":10139,"comment_status":"open","ping_status":"open","sticky":false,"template":"","format":"standard","meta":{"_jetpack_newsletter_access":"","_jetpack_dont_email_post_to_subs":false,"_jetpack_newsletter_tier_id":0,"_jetpack_memberships_contains_paywalled_content":false,"_jetpack_memberships_contains_paid_content":false,"footnotes":""},"categories":[6,2,1],"tags":[38,14],"class_list":["post-10138","post","type-post","status-publish","format-standard","has-post-thumbnail","hentry","category-cultura","category-destaque","category-noticias","tag-carnaval","tag-paudalho"],"jetpack_featured_media_url":"https:\/\/www.paudalho.pe.gov.br\/portal\/wp-content\/uploads\/2020\/02\/2f9f8d28-7e93-435a-9f34-ad3e2ce3fd78.jpg","jetpack_sharing_enabled":true,"jetpack_shortlink":"https:\/\/wp.me\/p98mS2-2Dw","_links":{"self":[{"href":"https:\/\/www.paudalho.pe.gov.br\/portal\/wp-json\/wp\/v2\/posts\/10138","targetHints":{"allow":["GET"]}}],"collection":[{"href":"https:\/\/www.paudalho.pe.gov.br\/portal\/wp-json\/wp\/v2\/posts"}],"about":[{"href":"https:\/\/www.paudalho.pe.gov.br\/portal\/wp-json\/wp\/v2\/types\/post"}],"author":[{"embeddable":true,"href":"https:\/\/www.paudalho.pe.gov.br\/portal\/wp-json\/wp\/v2\/users\/4"}],"replies":[{"embeddable":true,"href":"https:\/\/www.paudalho.pe.gov.br\/portal\/wp-json\/wp\/v2\/comments?post=10138"}],"version-history":[{"count":5,"href":"https:\/\/www.paudalho.pe.gov.br\/portal\/wp-json\/wp\/v2\/posts\/10138\/revisions"}],"predecessor-version":[{"id":10172,"href":"https:\/\/www.paudalho.pe.gov.br\/portal\/wp-json\/wp\/v2\/posts\/10138\/revisions\/10172"}],"wp:featuredmedia":[{"embeddable":true,"href":"https:\/\/www.paudalho.pe.gov.br\/portal\/wp-json\/wp\/v2\/media\/10139"}],"wp:attachment":[{"href":"https:\/\/www.paudalho.pe.gov.br\/portal\/wp-json\/wp\/v2\/media?parent=10138"}],"wp:term":[{"taxonomy":"category","embeddable":true,"href":"https:\/\/www.paudalho.pe.gov.br\/portal\/wp-json\/wp\/v2\/categories?post=10138"},{"taxonomy":"post_tag","embeddable":true,"href":"https:\/\/www.paudalho.pe.gov.br\/portal\/wp-json\/wp\/v2\/tags?post=10138"}],"curies":[{"name":"wp","href":"https:\/\/api.w.org\/{rel}","templated":true}]}}