{"id":10105,"date":"2020-02-24T12:21:08","date_gmt":"2020-02-24T15:21:08","guid":{"rendered":"https:\/\/www.paudalho.pe.gov.br\/portal\/?p=10105"},"modified":"2025-01-08T00:39:52","modified_gmt":"2025-01-08T03:39:52","slug":"primeiro-dia-do-carnaval-2020-de-paudalho-reune-cerca-de-80-mil-folioes","status":"publish","type":"post","link":"https:\/\/www.paudalho.pe.gov.br\/portal\/primeiro-dia-do-carnaval-2020-de-paudalho-reune-cerca-de-80-mil-folioes\/","title":{"rendered":"Primeiro dia do Carnaval 2020 de Paudalho re\u00fane cerca de 80 mil foli\u00f5es"},"content":{"rendered":"\n<p>As celebra\u00e7\u00f5es da Festa de Momo da cidade de Paudalho, localizada na Mata Norte de Pernambuco, tiveram in\u00edcio nesse domingo (23) e n\u00e3o \u00e9 a toa que o festejo \u00e9 reconhecido como o maior Carnaval do Interior do estado. A programa\u00e7\u00e3o, que teve in\u00edcio \u00e0s 10h e prosseguiu at\u00e9 ap\u00f3s a meia-noite, contou sobretudo com uma diversidade de atra\u00e7\u00f5es carnavalescas.<br><br>A crian\u00e7ada p\u00f4de aproveitar a folia logo cedo. O Banho de Frevo Infantil, concentrado no  P\u00e1tio de Eventos Beira-Rio, contou com performance do grupo Bal\u00e3o da Alegria. N\u00e3o \u00e9 por menos que a banda recebe esse nome, o p\u00fablico pulou, dan\u00e7ou e se divertiu com composi\u00e7\u00f5es musicais voltadas para suas faixas et\u00e1rias de idade. A cantora da banda, Ely Reis, destaca a import\u00e2ncia de um momento s\u00f3 para as crian\u00e7as. &#8220;\u00c9 uma forma de incluir as fam\u00edlias e incentiv\u00e1-las a participar&#8221;, pontua.      <\/p>\n\n\n\n<figure class=\"wp-block-image size-large\"><img loading=\"lazy\" decoding=\"async\" width=\"1280\" height=\"853\" data-attachment-id=\"10112\" data-permalink=\"https:\/\/www.paudalho.pe.gov.br\/portal\/primeiro-dia-do-carnaval-2020-de-paudalho-reune-cerca-de-80-mil-folioes\/whatsapp-image-2020-02-23-at-12-24-50\/\" data-orig-file=\"https:\/\/www.paudalho.pe.gov.br\/portal\/wp-content\/uploads\/2020\/02\/WhatsApp-Image-2020-02-23-at-12.24.50.jpeg\" data-orig-size=\"1280,853\" data-comments-opened=\"1\" data-image-meta=\"{&quot;aperture&quot;:&quot;0&quot;,&quot;credit&quot;:&quot;&quot;,&quot;camera&quot;:&quot;&quot;,&quot;caption&quot;:&quot;&quot;,&quot;created_timestamp&quot;:&quot;0&quot;,&quot;copyright&quot;:&quot;&quot;,&quot;focal_length&quot;:&quot;0&quot;,&quot;iso&quot;:&quot;0&quot;,&quot;shutter_speed&quot;:&quot;0&quot;,&quot;title&quot;:&quot;&quot;,&quot;orientation&quot;:&quot;0&quot;}\" data-image-title=\"WhatsApp-Image-2020-02-23-at-12.24.50\" data-image-description=\"\" data-image-caption=\"\" data-medium-file=\"https:\/\/www.paudalho.pe.gov.br\/portal\/wp-content\/uploads\/2020\/02\/WhatsApp-Image-2020-02-23-at-12.24.50-350x230.jpeg\" data-large-file=\"https:\/\/www.paudalho.pe.gov.br\/portal\/wp-content\/uploads\/2020\/02\/WhatsApp-Image-2020-02-23-at-12.24.50-800x450.jpeg\" src=\"https:\/\/i0.wp.com\/www.paudalho.pe.gov.br\/portal\/wp-content\/uploads\/2020\/02\/WhatsApp-Image-2020-02-23-at-12.24.50.jpeg?resize=800%2C450&amp;ssl=1\" alt=\"\" class=\"wp-image-10112\" srcset=\"https:\/\/www.paudalho.pe.gov.br\/portal\/wp-content\/uploads\/2020\/02\/WhatsApp-Image-2020-02-23-at-12.24.50.jpeg 1280w, https:\/\/www.paudalho.pe.gov.br\/portal\/wp-content\/uploads\/2020\/02\/WhatsApp-Image-2020-02-23-at-12.24.50-768x512.jpeg 768w\" sizes=\"auto, (max-width: 1280px) 100vw, 1280px\" \/><figcaption><em>Banho de Frevo Infantil reuniu crian\u00e7as e adultos. Foto: Josu\u00e9 J\u00fanior\/PMP. <\/em><\/figcaption><\/figure>\n\n\n\n<p>Para dar in\u00edcio ao Banho de Frevo Adulto, a Orquestra do Tradicional Clube Lenhadores do Paudalho subiu ao palco do P\u00e1tio de Eventos Beira-Rio no in\u00edcio da tarde, \u00e0s 13h. Logo em seguida, \u00e0s 15h, uma das atra\u00e7\u00f5es mais aguardadas pelos foli\u00f5es, o cantor Dad\u00e1 Bolad\u00e3o, realizou um show com hits marcantes do bregafunk como \u201cSurtada\u201d e \u201cDe Ladin\u201d.&nbsp; <\/p>\n\n\n\n<figure class=\"wp-block-image size-large\"><img loading=\"lazy\" decoding=\"async\" width=\"1280\" height=\"853\" data-attachment-id=\"10110\" data-permalink=\"https:\/\/www.paudalho.pe.gov.br\/portal\/primeiro-dia-do-carnaval-2020-de-paudalho-reune-cerca-de-80-mil-folioes\/whatsapp-image-2020-02-23-at-14-53-58\/\" data-orig-file=\"https:\/\/www.paudalho.pe.gov.br\/portal\/wp-content\/uploads\/2020\/02\/WhatsApp-Image-2020-02-23-at-14.53.58.jpeg\" data-orig-size=\"1280,853\" data-comments-opened=\"1\" data-image-meta=\"{&quot;aperture&quot;:&quot;0&quot;,&quot;credit&quot;:&quot;&quot;,&quot;camera&quot;:&quot;&quot;,&quot;caption&quot;:&quot;&quot;,&quot;created_timestamp&quot;:&quot;0&quot;,&quot;copyright&quot;:&quot;&quot;,&quot;focal_length&quot;:&quot;0&quot;,&quot;iso&quot;:&quot;0&quot;,&quot;shutter_speed&quot;:&quot;0&quot;,&quot;title&quot;:&quot;&quot;,&quot;orientation&quot;:&quot;0&quot;}\" data-image-title=\"WhatsApp-Image-2020-02-23-at-14.53.58\" data-image-description=\"\" data-image-caption=\"\" data-medium-file=\"https:\/\/www.paudalho.pe.gov.br\/portal\/wp-content\/uploads\/2020\/02\/WhatsApp-Image-2020-02-23-at-14.53.58-350x230.jpeg\" data-large-file=\"https:\/\/www.paudalho.pe.gov.br\/portal\/wp-content\/uploads\/2020\/02\/WhatsApp-Image-2020-02-23-at-14.53.58-800x450.jpeg\" src=\"https:\/\/i0.wp.com\/www.paudalho.pe.gov.br\/portal\/wp-content\/uploads\/2020\/02\/WhatsApp-Image-2020-02-23-at-14.53.58.jpeg?resize=800%2C450&amp;ssl=1\" alt=\"\" class=\"wp-image-10110\" srcset=\"https:\/\/www.paudalho.pe.gov.br\/portal\/wp-content\/uploads\/2020\/02\/WhatsApp-Image-2020-02-23-at-14.53.58.jpeg 1280w, https:\/\/www.paudalho.pe.gov.br\/portal\/wp-content\/uploads\/2020\/02\/WhatsApp-Image-2020-02-23-at-14.53.58-768x512.jpeg 768w\" sizes=\"auto, (max-width: 1280px) 100vw, 1280px\" \/><figcaption><em>A Orquestra do Clube Lenhadores do Paudalho foi a primeira atra\u00e7\u00e3o do Banho de Frevo Adulto. Foto: Josu\u00e9 J\u00fanior\/PMP. <\/em><\/figcaption><\/figure>\n\n\n\n<p>A festa n\u00e3o parou por a\u00ed, a artista N\u00e1dia Maia trouxe frevo e tradi\u00e7\u00e3o para os milhares de foli\u00f5es presentes em uma performance completa com in\u00edcio \u00e0s 16h. A \u00faltima apresenta\u00e7\u00e3o do Banho de Frevo Adulto foi o cantor MC Tr\u00f3ia, \u00e0s 18h. Reconhecido no munic\u00edpio por suas apresenta\u00e7\u00f5es em eventos locais, o repert\u00f3rio composto prioritariamente por bregafunk atraiu pessoas de v\u00e1rios locais da regi\u00e3o.&nbsp;<\/p>\n\n\n\n<figure class=\"wp-block-image size-large\"><img loading=\"lazy\" decoding=\"async\" width=\"1280\" height=\"853\" data-attachment-id=\"10109\" data-permalink=\"https:\/\/www.paudalho.pe.gov.br\/portal\/primeiro-dia-do-carnaval-2020-de-paudalho-reune-cerca-de-80-mil-folioes\/whatsapp-image-2020-02-24-at-00-54-43\/\" data-orig-file=\"https:\/\/www.paudalho.pe.gov.br\/portal\/wp-content\/uploads\/2020\/02\/WhatsApp-Image-2020-02-24-at-00.54.43.jpeg\" data-orig-size=\"1280,853\" data-comments-opened=\"1\" data-image-meta=\"{&quot;aperture&quot;:&quot;0&quot;,&quot;credit&quot;:&quot;&quot;,&quot;camera&quot;:&quot;&quot;,&quot;caption&quot;:&quot;&quot;,&quot;created_timestamp&quot;:&quot;0&quot;,&quot;copyright&quot;:&quot;&quot;,&quot;focal_length&quot;:&quot;0&quot;,&quot;iso&quot;:&quot;0&quot;,&quot;shutter_speed&quot;:&quot;0&quot;,&quot;title&quot;:&quot;&quot;,&quot;orientation&quot;:&quot;0&quot;}\" data-image-title=\"WhatsApp-Image-2020-02-24-at-00.54.43\" data-image-description=\"\" data-image-caption=\"\" data-medium-file=\"https:\/\/www.paudalho.pe.gov.br\/portal\/wp-content\/uploads\/2020\/02\/WhatsApp-Image-2020-02-24-at-00.54.43-350x230.jpeg\" data-large-file=\"https:\/\/www.paudalho.pe.gov.br\/portal\/wp-content\/uploads\/2020\/02\/WhatsApp-Image-2020-02-24-at-00.54.43-800x450.jpeg\" src=\"https:\/\/i1.wp.com\/www.paudalho.pe.gov.br\/portal\/wp-content\/uploads\/2020\/02\/WhatsApp-Image-2020-02-24-at-00.54.43.jpeg?resize=800%2C450&amp;ssl=1\" alt=\"\" class=\"wp-image-10109\" srcset=\"https:\/\/www.paudalho.pe.gov.br\/portal\/wp-content\/uploads\/2020\/02\/WhatsApp-Image-2020-02-24-at-00.54.43.jpeg 1280w, https:\/\/www.paudalho.pe.gov.br\/portal\/wp-content\/uploads\/2020\/02\/WhatsApp-Image-2020-02-24-at-00.54.43-768x512.jpeg 768w\" sizes=\"auto, (max-width: 1280px) 100vw, 1280px\" \/><figcaption><em>Dad\u00e1 Bolad\u00e3o foi uma das atra\u00e7\u00f5es mais aguardadas pelo p\u00fablico. Foto: Josu\u00e9 J\u00fanior\/PMP.<\/em><\/figcaption><\/figure>\n\n\n\n<p>A Comandante da Guarda Municipal de Paudalho, Rebeca Figueiredo, afirma que o primeiro dia da Festa reuniu cerca de 80 mil foli\u00f5es. &#8220;A festa foi tranquila, teve participa\u00e7\u00e3o efetiva de integrantes da Seguran\u00e7a P\u00fablica. Pol\u00edcia Civil e Militar, assim tamb\u00e9m como Corpo de Bombeiros Civil e Militar, trabalharam conjuntamente e de forma eficaz.&#8221;, afirma.  A expectativa \u00e9 que os dias seguintes atraiam um p\u00fablico cada vez maior.  <\/p>\n\n\n\n<figure class=\"wp-block-image size-large\"><img loading=\"lazy\" decoding=\"async\" width=\"1280\" height=\"853\" data-attachment-id=\"10111\" data-permalink=\"https:\/\/www.paudalho.pe.gov.br\/portal\/primeiro-dia-do-carnaval-2020-de-paudalho-reune-cerca-de-80-mil-folioes\/whatsapp-image-2020-02-23-at-17-28-35\/\" data-orig-file=\"https:\/\/www.paudalho.pe.gov.br\/portal\/wp-content\/uploads\/2020\/02\/WhatsApp-Image-2020-02-23-at-17.28.35.jpeg\" data-orig-size=\"1280,853\" data-comments-opened=\"1\" data-image-meta=\"{&quot;aperture&quot;:&quot;0&quot;,&quot;credit&quot;:&quot;&quot;,&quot;camera&quot;:&quot;&quot;,&quot;caption&quot;:&quot;&quot;,&quot;created_timestamp&quot;:&quot;0&quot;,&quot;copyright&quot;:&quot;&quot;,&quot;focal_length&quot;:&quot;0&quot;,&quot;iso&quot;:&quot;0&quot;,&quot;shutter_speed&quot;:&quot;0&quot;,&quot;title&quot;:&quot;&quot;,&quot;orientation&quot;:&quot;0&quot;}\" data-image-title=\"WhatsApp-Image-2020-02-23-at-17.28.35\" data-image-description=\"\" data-image-caption=\"\" data-medium-file=\"https:\/\/www.paudalho.pe.gov.br\/portal\/wp-content\/uploads\/2020\/02\/WhatsApp-Image-2020-02-23-at-17.28.35-350x230.jpeg\" data-large-file=\"https:\/\/www.paudalho.pe.gov.br\/portal\/wp-content\/uploads\/2020\/02\/WhatsApp-Image-2020-02-23-at-17.28.35-800x450.jpeg\" src=\"https:\/\/i0.wp.com\/www.paudalho.pe.gov.br\/portal\/wp-content\/uploads\/2020\/02\/WhatsApp-Image-2020-02-23-at-17.28.35.jpeg?resize=800%2C450&amp;ssl=1\" alt=\"\" class=\"wp-image-10111\" srcset=\"https:\/\/www.paudalho.pe.gov.br\/portal\/wp-content\/uploads\/2020\/02\/WhatsApp-Image-2020-02-23-at-17.28.35.jpeg 1280w, https:\/\/www.paudalho.pe.gov.br\/portal\/wp-content\/uploads\/2020\/02\/WhatsApp-Image-2020-02-23-at-17.28.35-768x512.jpeg 768w\" sizes=\"auto, (max-width: 1280px) 100vw, 1280px\" \/><figcaption><em> N\u00e1dia Maia, nome consagrado na folia pernambucana, participou do Carnaval 2020 de Paudalho.  Foto: Josu\u00e9 J\u00fanior\/PMP.  <\/em><\/figcaption><\/figure>\n\n\n\n<p>Rebeca tamb\u00e9m destaca que foi percept\u00edvel a diminui\u00e7\u00e3o do n\u00famero de crian\u00e7as perdidas durante o evento. Ela atribui esse resultado ao trabalho do Plant\u00e3o Social realizado por meio da Secretaria de Desenvolvimento e Assist\u00eancia Social (SEDAS). Al\u00e9m desse servi\u00e7o, a Prefeitura tamb\u00e9m disponibiliza o Plant\u00e3o da Sa\u00fade, organizado pela Secretaria Municipal de Sa\u00fade, durante os tr\u00eas dias de Carnaval.   <\/p>\n\n\n\n<figure class=\"wp-block-image size-large\"><img loading=\"lazy\" decoding=\"async\" width=\"1280\" height=\"853\" data-attachment-id=\"10117\" data-permalink=\"https:\/\/www.paudalho.pe.gov.br\/portal\/primeiro-dia-do-carnaval-2020-de-paudalho-reune-cerca-de-80-mil-folioes\/whatsapp-image-2020-02-24-at-00-19-53\/\" data-orig-file=\"https:\/\/www.paudalho.pe.gov.br\/portal\/wp-content\/uploads\/2020\/02\/WhatsApp-Image-2020-02-24-at-00.19.53.jpeg\" data-orig-size=\"1280,853\" data-comments-opened=\"1\" data-image-meta=\"{&quot;aperture&quot;:&quot;0&quot;,&quot;credit&quot;:&quot;&quot;,&quot;camera&quot;:&quot;&quot;,&quot;caption&quot;:&quot;&quot;,&quot;created_timestamp&quot;:&quot;0&quot;,&quot;copyright&quot;:&quot;&quot;,&quot;focal_length&quot;:&quot;0&quot;,&quot;iso&quot;:&quot;0&quot;,&quot;shutter_speed&quot;:&quot;0&quot;,&quot;title&quot;:&quot;&quot;,&quot;orientation&quot;:&quot;0&quot;}\" data-image-title=\"WhatsApp-Image-2020-02-24-at-00.19.53\" data-image-description=\"\" data-image-caption=\"\" data-medium-file=\"https:\/\/www.paudalho.pe.gov.br\/portal\/wp-content\/uploads\/2020\/02\/WhatsApp-Image-2020-02-24-at-00.19.53-350x230.jpeg\" data-large-file=\"https:\/\/www.paudalho.pe.gov.br\/portal\/wp-content\/uploads\/2020\/02\/WhatsApp-Image-2020-02-24-at-00.19.53-800x450.jpeg\" src=\"https:\/\/i0.wp.com\/www.paudalho.pe.gov.br\/portal\/wp-content\/uploads\/2020\/02\/WhatsApp-Image-2020-02-24-at-00.19.53.jpeg?resize=800%2C450&amp;ssl=1\" alt=\"\" class=\"wp-image-10117\" srcset=\"https:\/\/www.paudalho.pe.gov.br\/portal\/wp-content\/uploads\/2020\/02\/WhatsApp-Image-2020-02-24-at-00.19.53.jpeg 1280w, https:\/\/www.paudalho.pe.gov.br\/portal\/wp-content\/uploads\/2020\/02\/WhatsApp-Image-2020-02-24-at-00.19.53-768x512.jpeg 768w\" sizes=\"auto, (max-width: 1280px) 100vw, 1280px\" \/><figcaption><em>O cantor MC Tr\u00f3ia atraiu milhares de pessoas para um show composto por sucessos de sua autoria. Foto: Josu\u00e9 Junir\/PMP.<\/em><\/figcaption><\/figure>\n\n\n\n<p>Nesta segunda-feira (24), quem abre o Carnaval 2020 de Paudalho \u00e9 a  Orquestra do Clube Estrela do Paudalho, a partir das 13h. Em seguida, \u00e0s 14h, quem se apresenta \u00e9 Andr\u00e9 Rio. O p\u00fablico tamb\u00e9m poder\u00e1 presenciar um show do cantor Elvis, \u00e0s 15h45. \u00c0s 17h, Andr\u00e9 Marreta sobe ao palco e, \u00e0s 18h30, Jorge Arag\u00e3o faz o encerramento do segundo dia.  <br><br>Na Ter\u00e7a-feira (25), \u00faltimo dia da celebra\u00e7\u00e3o, a Orquestra do Clube Cruzeiro do Sul realiza a abertura, tamb\u00e9m \u00e0s 13h. \u00c0s 15h, se apresenta o cantor Roginho. E tem mais anima\u00e7\u00e3o! \u00c0s 16h quem ilustra os festejos \u00e9 a cantora pernambucana Elba Ramalho. E \u00e0s 18h, o encerramento ficar por conta de Kevin O Chris. &nbsp; <\/p>\n\n\n\n<h3 class=\"wp-block-heading\">Polo Cultural<\/h3>\n\n\n\n<figure class=\"wp-block-image size-large\"><img loading=\"lazy\" decoding=\"async\" width=\"1280\" height=\"853\" data-attachment-id=\"10108\" data-permalink=\"https:\/\/www.paudalho.pe.gov.br\/portal\/primeiro-dia-do-carnaval-2020-de-paudalho-reune-cerca-de-80-mil-folioes\/whatsapp-image-2020-02-24-at-00-19-18-2\/\" data-orig-file=\"https:\/\/www.paudalho.pe.gov.br\/portal\/wp-content\/uploads\/2020\/02\/WhatsApp-Image-2020-02-24-at-00.19.18-2.jpeg\" data-orig-size=\"1280,853\" data-comments-opened=\"1\" data-image-meta=\"{&quot;aperture&quot;:&quot;0&quot;,&quot;credit&quot;:&quot;&quot;,&quot;camera&quot;:&quot;&quot;,&quot;caption&quot;:&quot;&quot;,&quot;created_timestamp&quot;:&quot;0&quot;,&quot;copyright&quot;:&quot;&quot;,&quot;focal_length&quot;:&quot;0&quot;,&quot;iso&quot;:&quot;0&quot;,&quot;shutter_speed&quot;:&quot;0&quot;,&quot;title&quot;:&quot;&quot;,&quot;orientation&quot;:&quot;0&quot;}\" data-image-title=\"WhatsApp-Image-2020-02-24-at-00.19.18-2\" data-image-description=\"\" data-image-caption=\"\" data-medium-file=\"https:\/\/www.paudalho.pe.gov.br\/portal\/wp-content\/uploads\/2020\/02\/WhatsApp-Image-2020-02-24-at-00.19.18-2-350x230.jpeg\" data-large-file=\"https:\/\/www.paudalho.pe.gov.br\/portal\/wp-content\/uploads\/2020\/02\/WhatsApp-Image-2020-02-24-at-00.19.18-2-800x450.jpeg\" src=\"https:\/\/i1.wp.com\/www.paudalho.pe.gov.br\/portal\/wp-content\/uploads\/2020\/02\/WhatsApp-Image-2020-02-24-at-00.19.18-2.jpeg?resize=800%2C450&amp;ssl=1\" alt=\"\" class=\"wp-image-10108\" srcset=\"https:\/\/www.paudalho.pe.gov.br\/portal\/wp-content\/uploads\/2020\/02\/WhatsApp-Image-2020-02-24-at-00.19.18-2.jpeg 1280w, https:\/\/www.paudalho.pe.gov.br\/portal\/wp-content\/uploads\/2020\/02\/WhatsApp-Image-2020-02-24-at-00.19.18-2-768x512.jpeg 768w\" sizes=\"auto, (max-width: 1280px) 100vw, 1280px\" \/><figcaption> Atra\u00e7\u00f5es multiculturais de v\u00e1rias regi\u00f5es deram cor e forma ao Polo Cultural da Festa de Momo paudalhense. Foto: Josu\u00e9 J\u00fanior\/PMP. <\/figcaption><\/figure>\n\n\n\n<p>Montado na Pra\u00e7a Pedro Coutinho, no Centro da cidade, o Polo Cultural \u00e9 um ponto principal nas celebra\u00e7\u00f5es carnavalescas de Paudalho. No primeiro dia da Festa houve desfiles de maracatus, escolas de samba, blocos l\u00edricos, bois, e diversas outras agremia\u00e7\u00f5es. Toda a multiculturalidade intr\u00ednseca ao  festejo de rua esteve presente. No momento, tamb\u00e9m houve apresenta\u00e7\u00f5es em um palco montado na mesma rua. \u00c0s 17h, a banda Vai D3 fez o p\u00fablico dan\u00e7ar. O foli\u00f5es contemplaram a performance de Luar\u00e1 \u00e0s 22h e, a meia-noite, foi a vez de Carlinhos Beleza. <\/p>\n\n\n\n<figure class=\"wp-block-gallery columns-3 is-cropped wp-block-gallery-1 is-layout-flex wp-block-gallery-is-layout-flex\"><ul class=\"blocks-gallery-grid\"><li class=\"blocks-gallery-item\"><figure><img loading=\"lazy\" decoding=\"async\" width=\"1280\" height=\"876\" data-attachment-id=\"10121\" data-permalink=\"https:\/\/www.paudalho.pe.gov.br\/portal\/primeiro-dia-do-carnaval-2020-de-paudalho-reune-cerca-de-80-mil-folioes\/whatsapp-image-2020-02-24-at-00-19-17-1\/\" data-orig-file=\"https:\/\/www.paudalho.pe.gov.br\/portal\/wp-content\/uploads\/2020\/02\/WhatsApp-Image-2020-02-24-at-00.19.17-1.jpeg\" data-orig-size=\"1280,876\" data-comments-opened=\"1\" data-image-meta=\"{&quot;aperture&quot;:&quot;0&quot;,&quot;credit&quot;:&quot;&quot;,&quot;camera&quot;:&quot;&quot;,&quot;caption&quot;:&quot;&quot;,&quot;created_timestamp&quot;:&quot;0&quot;,&quot;copyright&quot;:&quot;&quot;,&quot;focal_length&quot;:&quot;0&quot;,&quot;iso&quot;:&quot;0&quot;,&quot;shutter_speed&quot;:&quot;0&quot;,&quot;title&quot;:&quot;&quot;,&quot;orientation&quot;:&quot;0&quot;}\" data-image-title=\"WhatsApp-Image-2020-02-24-at-00.19.17-1\" data-image-description=\"\" data-image-caption=\"\" data-medium-file=\"https:\/\/www.paudalho.pe.gov.br\/portal\/wp-content\/uploads\/2020\/02\/WhatsApp-Image-2020-02-24-at-00.19.17-1-350x230.jpeg\" data-large-file=\"https:\/\/www.paudalho.pe.gov.br\/portal\/wp-content\/uploads\/2020\/02\/WhatsApp-Image-2020-02-24-at-00.19.17-1-800x450.jpeg\" src=\"https:\/\/i0.wp.com\/www.paudalho.pe.gov.br\/portal\/wp-content\/uploads\/2020\/02\/WhatsApp-Image-2020-02-24-at-00.19.17-1.jpeg?resize=800%2C450&amp;ssl=1\" alt=\"\" data-id=\"10121\" data-link=\"https:\/\/www.paudalho.pe.gov.br\/portal\/?attachment_id=10121\" class=\"wp-image-10121\" srcset=\"https:\/\/www.paudalho.pe.gov.br\/portal\/wp-content\/uploads\/2020\/02\/WhatsApp-Image-2020-02-24-at-00.19.17-1.jpeg 1280w, https:\/\/www.paudalho.pe.gov.br\/portal\/wp-content\/uploads\/2020\/02\/WhatsApp-Image-2020-02-24-at-00.19.17-1-768x526.jpeg 768w\" sizes=\"auto, (max-width: 1280px) 100vw, 1280px\" \/><figcaption class=\"blocks-gallery-item__caption\"> Foto: Josu\u00e9 J\u00fanior\/PMP. <\/figcaption><\/figure><\/li><li class=\"blocks-gallery-item\"><figure><img loading=\"lazy\" decoding=\"async\" width=\"1280\" height=\"853\" data-attachment-id=\"10123\" data-permalink=\"https:\/\/www.paudalho.pe.gov.br\/portal\/primeiro-dia-do-carnaval-2020-de-paudalho-reune-cerca-de-80-mil-folioes\/whatsapp-image-2020-02-24-at-00-19-19-1\/\" data-orig-file=\"https:\/\/www.paudalho.pe.gov.br\/portal\/wp-content\/uploads\/2020\/02\/WhatsApp-Image-2020-02-24-at-00.19.19-1.jpeg\" data-orig-size=\"1280,853\" data-comments-opened=\"1\" data-image-meta=\"{&quot;aperture&quot;:&quot;0&quot;,&quot;credit&quot;:&quot;&quot;,&quot;camera&quot;:&quot;&quot;,&quot;caption&quot;:&quot;&quot;,&quot;created_timestamp&quot;:&quot;0&quot;,&quot;copyright&quot;:&quot;&quot;,&quot;focal_length&quot;:&quot;0&quot;,&quot;iso&quot;:&quot;0&quot;,&quot;shutter_speed&quot;:&quot;0&quot;,&quot;title&quot;:&quot;&quot;,&quot;orientation&quot;:&quot;0&quot;}\" data-image-title=\"WhatsApp-Image-2020-02-24-at-00.19.19-1\" data-image-description=\"\" data-image-caption=\"\" data-medium-file=\"https:\/\/www.paudalho.pe.gov.br\/portal\/wp-content\/uploads\/2020\/02\/WhatsApp-Image-2020-02-24-at-00.19.19-1-350x230.jpeg\" data-large-file=\"https:\/\/www.paudalho.pe.gov.br\/portal\/wp-content\/uploads\/2020\/02\/WhatsApp-Image-2020-02-24-at-00.19.19-1-800x450.jpeg\" src=\"https:\/\/i0.wp.com\/www.paudalho.pe.gov.br\/portal\/wp-content\/uploads\/2020\/02\/WhatsApp-Image-2020-02-24-at-00.19.19-1.jpeg?resize=800%2C450&amp;ssl=1\" alt=\"\" data-id=\"10123\" data-link=\"https:\/\/www.paudalho.pe.gov.br\/portal\/?attachment_id=10123\" class=\"wp-image-10123\" srcset=\"https:\/\/www.paudalho.pe.gov.br\/portal\/wp-content\/uploads\/2020\/02\/WhatsApp-Image-2020-02-24-at-00.19.19-1.jpeg 1280w, https:\/\/www.paudalho.pe.gov.br\/portal\/wp-content\/uploads\/2020\/02\/WhatsApp-Image-2020-02-24-at-00.19.19-1-768x512.jpeg 768w\" sizes=\"auto, (max-width: 1280px) 100vw, 1280px\" \/><figcaption class=\"blocks-gallery-item__caption\"> Foto: Josu\u00e9 J\u00fanior\/PMP. <\/figcaption><\/figure><\/li><li class=\"blocks-gallery-item\"><figure><img loading=\"lazy\" decoding=\"async\" width=\"1280\" height=\"853\" data-attachment-id=\"10124\" data-permalink=\"https:\/\/www.paudalho.pe.gov.br\/portal\/primeiro-dia-do-carnaval-2020-de-paudalho-reune-cerca-de-80-mil-folioes\/whatsapp-image-2020-02-24-at-00-19-21\/\" data-orig-file=\"https:\/\/www.paudalho.pe.gov.br\/portal\/wp-content\/uploads\/2020\/02\/WhatsApp-Image-2020-02-24-at-00.19.21.jpeg\" data-orig-size=\"1280,853\" data-comments-opened=\"1\" data-image-meta=\"{&quot;aperture&quot;:&quot;0&quot;,&quot;credit&quot;:&quot;&quot;,&quot;camera&quot;:&quot;&quot;,&quot;caption&quot;:&quot;&quot;,&quot;created_timestamp&quot;:&quot;0&quot;,&quot;copyright&quot;:&quot;&quot;,&quot;focal_length&quot;:&quot;0&quot;,&quot;iso&quot;:&quot;0&quot;,&quot;shutter_speed&quot;:&quot;0&quot;,&quot;title&quot;:&quot;&quot;,&quot;orientation&quot;:&quot;0&quot;}\" data-image-title=\"WhatsApp-Image-2020-02-24-at-00.19.21\" data-image-description=\"\" data-image-caption=\"\" data-medium-file=\"https:\/\/www.paudalho.pe.gov.br\/portal\/wp-content\/uploads\/2020\/02\/WhatsApp-Image-2020-02-24-at-00.19.21-350x230.jpeg\" data-large-file=\"https:\/\/www.paudalho.pe.gov.br\/portal\/wp-content\/uploads\/2020\/02\/WhatsApp-Image-2020-02-24-at-00.19.21-800x450.jpeg\" src=\"https:\/\/i1.wp.com\/www.paudalho.pe.gov.br\/portal\/wp-content\/uploads\/2020\/02\/WhatsApp-Image-2020-02-24-at-00.19.21.jpeg?resize=800%2C450&amp;ssl=1\" alt=\"\" data-id=\"10124\" data-link=\"https:\/\/www.paudalho.pe.gov.br\/portal\/?attachment_id=10124\" class=\"wp-image-10124\" srcset=\"https:\/\/www.paudalho.pe.gov.br\/portal\/wp-content\/uploads\/2020\/02\/WhatsApp-Image-2020-02-24-at-00.19.21.jpeg 1280w, https:\/\/www.paudalho.pe.gov.br\/portal\/wp-content\/uploads\/2020\/02\/WhatsApp-Image-2020-02-24-at-00.19.21-768x512.jpeg 768w\" sizes=\"auto, (max-width: 1280px) 100vw, 1280px\" \/><figcaption class=\"blocks-gallery-item__caption\"> Foto: Josu\u00e9 J\u00fanior\/PMP. <\/figcaption><\/figure><\/li><li class=\"blocks-gallery-item\"><figure><img loading=\"lazy\" decoding=\"async\" width=\"1280\" height=\"853\" data-attachment-id=\"10125\" data-permalink=\"https:\/\/www.paudalho.pe.gov.br\/portal\/primeiro-dia-do-carnaval-2020-de-paudalho-reune-cerca-de-80-mil-folioes\/whatsapp-image-2020-02-24-at-00-19-19-1-1\/\" data-orig-file=\"https:\/\/www.paudalho.pe.gov.br\/portal\/wp-content\/uploads\/2020\/02\/WhatsApp-Image-2020-02-24-at-00.19.19-1-1.jpeg\" data-orig-size=\"1280,853\" data-comments-opened=\"1\" data-image-meta=\"{&quot;aperture&quot;:&quot;0&quot;,&quot;credit&quot;:&quot;&quot;,&quot;camera&quot;:&quot;&quot;,&quot;caption&quot;:&quot;&quot;,&quot;created_timestamp&quot;:&quot;0&quot;,&quot;copyright&quot;:&quot;&quot;,&quot;focal_length&quot;:&quot;0&quot;,&quot;iso&quot;:&quot;0&quot;,&quot;shutter_speed&quot;:&quot;0&quot;,&quot;title&quot;:&quot;&quot;,&quot;orientation&quot;:&quot;0&quot;}\" data-image-title=\"WhatsApp-Image-2020-02-24-at-00.19.19-1-1\" data-image-description=\"\" data-image-caption=\"\" data-medium-file=\"https:\/\/www.paudalho.pe.gov.br\/portal\/wp-content\/uploads\/2020\/02\/WhatsApp-Image-2020-02-24-at-00.19.19-1-1-350x230.jpeg\" data-large-file=\"https:\/\/www.paudalho.pe.gov.br\/portal\/wp-content\/uploads\/2020\/02\/WhatsApp-Image-2020-02-24-at-00.19.19-1-1-800x450.jpeg\" src=\"https:\/\/i0.wp.com\/www.paudalho.pe.gov.br\/portal\/wp-content\/uploads\/2020\/02\/WhatsApp-Image-2020-02-24-at-00.19.19-1-1.jpeg?resize=800%2C450&amp;ssl=1\" alt=\"\" data-id=\"10125\" data-full-url=\"https:\/\/i0.wp.com\/www.paudalho.pe.gov.br\/portal\/wp-content\/uploads\/2020\/02\/WhatsApp-Image-2020-02-24-at-00.19.19-1-1.jpeg?fit=1280%2C853&amp;ssl=1\" data-link=\"https:\/\/www.paudalho.pe.gov.br\/portal\/?attachment_id=10125\" class=\"wp-image-10125\" srcset=\"https:\/\/www.paudalho.pe.gov.br\/portal\/wp-content\/uploads\/2020\/02\/WhatsApp-Image-2020-02-24-at-00.19.19-1-1.jpeg 1280w, https:\/\/www.paudalho.pe.gov.br\/portal\/wp-content\/uploads\/2020\/02\/WhatsApp-Image-2020-02-24-at-00.19.19-1-1-768x512.jpeg 768w\" sizes=\"auto, (max-width: 1280px) 100vw, 1280px\" \/><figcaption class=\"blocks-gallery-item__caption\"> Foto: Josu\u00e9 J\u00fanior\/PMP. <\/figcaption><\/figure><\/li><\/ul><\/figure>\n\n\n\n<p>Confira quais atra\u00e7\u00f5es est\u00e3o reservadas para os pr\u00f3ximos dias do Polo Cultural:<\/p>\n\n\n\n<p><strong>Segunda-feira (24\/04)<\/strong> <br>Na segunda-feira (24) passam pelo Polo o Bloco do Laser, Cavalo Babau e os maracatus: Pav\u00e3o Dourado de Feira Nova, Le\u00e3o da Serra e \u00c1guia Dourada, de Carpina, Le\u00e3o Vencedor das Flores de Buenos Aires, Le\u00e3ozinho de Itaquitinga, Le\u00e3o Mimoso de Buenos Aires, Le\u00e3o Misterioso de Nazar\u00e9 da Mata, Camelo Manso de Gl\u00f3ria do Goit\u00e1, On\u00e7a Dourada de Alian\u00e7a, Le\u00e3o Vencedor de Ch\u00e3 de Alegria, Brilhando de Carpina e ainda os blocos Meninos da Vila, da Castanha, e Caprichoso de S\u00e3o Miguel. <br><br>Ainda passam pelo local a Escola de Samba Esta\u00e7\u00e3o da Primavera, Clube Carnavalesco Cruzeiro do Sul, Clube Lenhadores do Paudalho, Bloco L\u00edrico Magia L\u00edrica e La Ursa de Ch\u00e3 de Pinheiro. No palco sobem os artistas Eduarda Alves, \u00e0s 17h30 , Chicote El\u00e9trico, \u00e0s 22h, e Marrom Brasileiro \u00e0s 00h. <\/p>\n\n\n\n<p><strong>Ter\u00e7a-feira (25\/04)<\/strong><br>Na ter\u00e7a-feira (25) a programa\u00e7\u00e3o \u00e9 aberta no Polo com os desfiles dos maracatus: Pinguim de Ara\u00e7oiaba, Vencedor de Carpina, \u00c1guia Dourada de Nazar\u00e9 da Mata, Le\u00e3o da Floresta de Vic\u00eancia, Cambinda Estrela de Itaquitinga, Estrela da Serra de Tracunha\u00e9m, Le\u00e3ozinho de Alian\u00e7a, Le\u00e3o da Floresta de Lagoa de Itaenga, Estrela Brilhante de Nazar\u00e9 da Mata, Le\u00e3o da Serra de Goiana e ainda os desfiles com a Escola de Samba Gigantes do Samba, Clubes Lenhadores e Estrela do Paudalho, Bloco Magia L\u00edrica, Bloco L\u00edrico Som da Serenata e a La Ursa de Ch\u00e3 de Pinheiro. No palco sobem os artistas Irah Caldeira, \u00e0s 17h, Asas da Am\u00e9rica, \u00e0s 22h, e Banda Pinguim \u00e0s 00h.  <br><br>Na quarta-feira ingrata, dia 26, a programa\u00e7\u00e3o \u00e9 encerrada com os blocos: O Camel\u00f4 e Os Bact\u00e9rias.<\/p>\n","protected":false},"excerpt":{"rendered":"<p>As celebra\u00e7\u00f5es da Festa de Momo da cidade de Paudalho, localizada na Mata Norte de Pernambuco, tiveram in\u00edcio nesse domingo (23) e n\u00e3o \u00e9 a toa que o festejo \u00e9 reconhecido como o maior Carnaval do Interior do estado. A programa\u00e7\u00e3o, que teve in\u00edcio \u00e0s 10h e prosseguiu at\u00e9 ap\u00f3s a meia-noite, contou sobretudo com uma diversidade de atra\u00e7\u00f5es carnavalescas.<\/p>\n","protected":false},"author":6,"featured_media":10114,"comment_status":"open","ping_status":"open","sticky":false,"template":"","format":"standard","meta":{"_jetpack_newsletter_access":"","_jetpack_dont_email_post_to_subs":false,"_jetpack_newsletter_tier_id":0,"_jetpack_memberships_contains_paywalled_content":false,"_jetpack_memberships_contains_paid_content":false,"footnotes":""},"categories":[37,2,1],"tags":[597],"class_list":["post-10105","post","type-post","status-publish","format-standard","has-post-thumbnail","hentry","category-carnaval","category-destaque","category-noticias","tag-carnaval-2020"],"jetpack_featured_media_url":"https:\/\/www.paudalho.pe.gov.br\/portal\/wp-content\/uploads\/2020\/02\/WhatsApp-Image-2020-02-24-at-00.19.23-2.jpeg","jetpack_sharing_enabled":true,"jetpack_shortlink":"https:\/\/wp.me\/p98mS2-2CZ","_links":{"self":[{"href":"https:\/\/www.paudalho.pe.gov.br\/portal\/wp-json\/wp\/v2\/posts\/10105","targetHints":{"allow":["GET"]}}],"collection":[{"href":"https:\/\/www.paudalho.pe.gov.br\/portal\/wp-json\/wp\/v2\/posts"}],"about":[{"href":"https:\/\/www.paudalho.pe.gov.br\/portal\/wp-json\/wp\/v2\/types\/post"}],"author":[{"embeddable":true,"href":"https:\/\/www.paudalho.pe.gov.br\/portal\/wp-json\/wp\/v2\/users\/6"}],"replies":[{"embeddable":true,"href":"https:\/\/www.paudalho.pe.gov.br\/portal\/wp-json\/wp\/v2\/comments?post=10105"}],"version-history":[{"count":18,"href":"https:\/\/www.paudalho.pe.gov.br\/portal\/wp-json\/wp\/v2\/posts\/10105\/revisions"}],"predecessor-version":[{"id":10191,"href":"https:\/\/www.paudalho.pe.gov.br\/portal\/wp-json\/wp\/v2\/posts\/10105\/revisions\/10191"}],"wp:featuredmedia":[{"embeddable":true,"href":"https:\/\/www.paudalho.pe.gov.br\/portal\/wp-json\/wp\/v2\/media\/10114"}],"wp:attachment":[{"href":"https:\/\/www.paudalho.pe.gov.br\/portal\/wp-json\/wp\/v2\/media?parent=10105"}],"wp:term":[{"taxonomy":"category","embeddable":true,"href":"https:\/\/www.paudalho.pe.gov.br\/portal\/wp-json\/wp\/v2\/categories?post=10105"},{"taxonomy":"post_tag","embeddable":true,"href":"https:\/\/www.paudalho.pe.gov.br\/portal\/wp-json\/wp\/v2\/tags?post=10105"}],"curies":[{"name":"wp","href":"https:\/\/api.w.org\/{rel}","templated":true}]}}