{"id":10031,"date":"2020-02-17T17:55:18","date_gmt":"2020-02-17T20:55:18","guid":{"rendered":"https:\/\/www.paudalho.pe.gov.br\/portal\/?p=10031"},"modified":"2025-01-08T00:39:53","modified_gmt":"2025-01-08T03:39:53","slug":"festa-de-nossa-senhora-do-desterro-chega-a-sua-70a-edicao-em-paudalho","status":"publish","type":"post","link":"https:\/\/www.paudalho.pe.gov.br\/portal\/festa-de-nossa-senhora-do-desterro-chega-a-sua-70a-edicao-em-paudalho\/","title":{"rendered":"Festa de Nossa Senhora do Desterro chega a sua 70\u00aa edi\u00e7\u00e3o em Paudalho"},"content":{"rendered":"\n<p>No \u00faltimo fim de semana, dias 15 e 16, ocorreu a 70\u00aa edi\u00e7\u00e3o da Festa de Nossa Senhora do Desterro, celebra\u00e7\u00e3o marcada pela religiosidade e por apresenta\u00e7\u00f5es culturais. Durante os dois dias centenas de pessoas compareceram a comunidade que recebe o nome da santa e presta homenagem a mesma. Para celebrar o momento a Prefeitura de Paudalho por meio da Secretaria de Cultura e Turismo organizou uma programa\u00e7\u00e3o composta por apresenta\u00e7\u00f5es art\u00edsticas.   <\/p>\n\n\n\n<figure class=\"wp-block-image size-large\"><img loading=\"lazy\" decoding=\"async\" width=\"1280\" height=\"853\" data-attachment-id=\"10034\" data-permalink=\"https:\/\/www.paudalho.pe.gov.br\/portal\/festa-de-nossa-senhora-do-desterro-chega-a-sua-70a-edicao-em-paudalho\/whatsapp-image-2020-02-17-at-11-08-36-1\/\" data-orig-file=\"https:\/\/www.paudalho.pe.gov.br\/portal\/wp-content\/uploads\/2020\/02\/WhatsApp-Image-2020-02-17-at-11.08.36-1.jpeg\" data-orig-size=\"1280,853\" data-comments-opened=\"1\" data-image-meta=\"{&quot;aperture&quot;:&quot;0&quot;,&quot;credit&quot;:&quot;&quot;,&quot;camera&quot;:&quot;&quot;,&quot;caption&quot;:&quot;&quot;,&quot;created_timestamp&quot;:&quot;0&quot;,&quot;copyright&quot;:&quot;&quot;,&quot;focal_length&quot;:&quot;0&quot;,&quot;iso&quot;:&quot;0&quot;,&quot;shutter_speed&quot;:&quot;0&quot;,&quot;title&quot;:&quot;&quot;,&quot;orientation&quot;:&quot;0&quot;}\" data-image-title=\"WhatsApp-Image-2020-02-17-at-11.08.36-1\" data-image-description=\"\" data-image-caption=\"\" data-medium-file=\"https:\/\/www.paudalho.pe.gov.br\/portal\/wp-content\/uploads\/2020\/02\/WhatsApp-Image-2020-02-17-at-11.08.36-1-350x230.jpeg\" data-large-file=\"https:\/\/www.paudalho.pe.gov.br\/portal\/wp-content\/uploads\/2020\/02\/WhatsApp-Image-2020-02-17-at-11.08.36-1-800x450.jpeg\" src=\"https:\/\/i0.wp.com\/www.paudalho.pe.gov.br\/portal\/wp-content\/uploads\/2020\/02\/WhatsApp-Image-2020-02-17-at-11.08.36-1.jpeg?resize=800%2C450&amp;ssl=1\" alt=\"\" class=\"wp-image-10034\" srcset=\"https:\/\/www.paudalho.pe.gov.br\/portal\/wp-content\/uploads\/2020\/02\/WhatsApp-Image-2020-02-17-at-11.08.36-1.jpeg 1280w, https:\/\/www.paudalho.pe.gov.br\/portal\/wp-content\/uploads\/2020\/02\/WhatsApp-Image-2020-02-17-at-11.08.36-1-768x512.jpeg 768w\" sizes=\"auto, (max-width: 1280px) 100vw, 1280px\" \/><figcaption><em>P\u00fablico se re\u00fane no bairro de Nossa Senhora do Desterro em Paudalho. Foto: Izak de Castro\/ PMP.<\/em><\/figcaption><\/figure>\n\n\n\n<p>A festa teve in\u00edcio no s\u00e1bado (15), nesse dia subiram ao palco Lau Santos e Givaldo Show e a banda Pagode Tudo Nosso. No domingo (16), foi a vez de Amigas do Brega e Rosimar Lima animarem o evento. O festejo ainda contou com muita cultura musical do Mestre Bi e a Ciranda Bela Rosa. As crian\u00e7as tamb\u00e9m puderam se entreter em um parque de divers\u00f5es montado para atend\u00ea-las. <\/p>\n\n\n\n<figure class=\"wp-block-image size-large\"><img loading=\"lazy\" decoding=\"async\" width=\"1280\" height=\"853\" data-attachment-id=\"10035\" data-permalink=\"https:\/\/www.paudalho.pe.gov.br\/portal\/festa-de-nossa-senhora-do-desterro-chega-a-sua-70a-edicao-em-paudalho\/whatsapp-image-2020-02-17-at-11-04-23-1\/\" data-orig-file=\"https:\/\/www.paudalho.pe.gov.br\/portal\/wp-content\/uploads\/2020\/02\/WhatsApp-Image-2020-02-17-at-11.04.23-1.jpeg\" data-orig-size=\"1280,853\" data-comments-opened=\"1\" data-image-meta=\"{&quot;aperture&quot;:&quot;0&quot;,&quot;credit&quot;:&quot;&quot;,&quot;camera&quot;:&quot;&quot;,&quot;caption&quot;:&quot;&quot;,&quot;created_timestamp&quot;:&quot;0&quot;,&quot;copyright&quot;:&quot;&quot;,&quot;focal_length&quot;:&quot;0&quot;,&quot;iso&quot;:&quot;0&quot;,&quot;shutter_speed&quot;:&quot;0&quot;,&quot;title&quot;:&quot;&quot;,&quot;orientation&quot;:&quot;0&quot;}\" data-image-title=\"WhatsApp-Image-2020-02-17-at-11.04.23-1\" data-image-description=\"\" data-image-caption=\"\" data-medium-file=\"https:\/\/www.paudalho.pe.gov.br\/portal\/wp-content\/uploads\/2020\/02\/WhatsApp-Image-2020-02-17-at-11.04.23-1-350x230.jpeg\" data-large-file=\"https:\/\/www.paudalho.pe.gov.br\/portal\/wp-content\/uploads\/2020\/02\/WhatsApp-Image-2020-02-17-at-11.04.23-1-800x450.jpeg\" src=\"https:\/\/i0.wp.com\/www.paudalho.pe.gov.br\/portal\/wp-content\/uploads\/2020\/02\/WhatsApp-Image-2020-02-17-at-11.04.23-1.jpeg?resize=800%2C450&amp;ssl=1\" alt=\"\" class=\"wp-image-10035\" srcset=\"https:\/\/www.paudalho.pe.gov.br\/portal\/wp-content\/uploads\/2020\/02\/WhatsApp-Image-2020-02-17-at-11.04.23-1.jpeg 1280w, https:\/\/www.paudalho.pe.gov.br\/portal\/wp-content\/uploads\/2020\/02\/WhatsApp-Image-2020-02-17-at-11.04.23-1-768x512.jpeg 768w\" sizes=\"auto, (max-width: 1280px) 100vw, 1280px\" \/><figcaption><em>A banda Amigas do Brega se apresentou na segunda noite da 70\u00aa Festa de Nossa Senhora do Desterro. Foto: Izak de Castro\/ PMP. <\/em><\/figcaption><\/figure>\n\n\n\n<figure class=\"wp-block-image size-large\"><img loading=\"lazy\" decoding=\"async\" width=\"1280\" height=\"853\" data-attachment-id=\"10045\" data-permalink=\"https:\/\/www.paudalho.pe.gov.br\/portal\/festa-de-nossa-senhora-do-desterro-chega-a-sua-70a-edicao-em-paudalho\/whatsapp-image-2020-02-17-at-11-04-20-1\/\" data-orig-file=\"https:\/\/www.paudalho.pe.gov.br\/portal\/wp-content\/uploads\/2020\/02\/WhatsApp-Image-2020-02-17-at-11.04.20-1.jpeg\" data-orig-size=\"1280,853\" data-comments-opened=\"1\" data-image-meta=\"{&quot;aperture&quot;:&quot;0&quot;,&quot;credit&quot;:&quot;&quot;,&quot;camera&quot;:&quot;&quot;,&quot;caption&quot;:&quot;&quot;,&quot;created_timestamp&quot;:&quot;0&quot;,&quot;copyright&quot;:&quot;&quot;,&quot;focal_length&quot;:&quot;0&quot;,&quot;iso&quot;:&quot;0&quot;,&quot;shutter_speed&quot;:&quot;0&quot;,&quot;title&quot;:&quot;&quot;,&quot;orientation&quot;:&quot;0&quot;}\" data-image-title=\"WhatsApp-Image-2020-02-17-at-11.04.20-1\" data-image-description=\"\" data-image-caption=\"\" data-medium-file=\"https:\/\/www.paudalho.pe.gov.br\/portal\/wp-content\/uploads\/2020\/02\/WhatsApp-Image-2020-02-17-at-11.04.20-1-350x230.jpeg\" data-large-file=\"https:\/\/www.paudalho.pe.gov.br\/portal\/wp-content\/uploads\/2020\/02\/WhatsApp-Image-2020-02-17-at-11.04.20-1-800x450.jpeg\" src=\"https:\/\/i1.wp.com\/www.paudalho.pe.gov.br\/portal\/wp-content\/uploads\/2020\/02\/WhatsApp-Image-2020-02-17-at-11.04.20-1.jpeg?resize=800%2C450&amp;ssl=1\" alt=\"\" class=\"wp-image-10045\" srcset=\"https:\/\/www.paudalho.pe.gov.br\/portal\/wp-content\/uploads\/2020\/02\/WhatsApp-Image-2020-02-17-at-11.04.20-1.jpeg 1280w, https:\/\/www.paudalho.pe.gov.br\/portal\/wp-content\/uploads\/2020\/02\/WhatsApp-Image-2020-02-17-at-11.04.20-1-768x512.jpeg 768w\" sizes=\"auto, (max-width: 1280px) 100vw, 1280px\" \/><figcaption><em> Foram duas noites importantes principalmente para os moradores locais que tiveram a oportunidade de celebrar a f\u00e9 em Nossa Senhora do Desterro e de comemorar junto com demais membros do bairro.<\/em> <em>Foto: Izak de Castro\/ PMP. <\/em> <\/figcaption><\/figure>\n\n\n\n<figure class=\"wp-block-image size-large\"><img loading=\"lazy\" decoding=\"async\" width=\"1280\" height=\"853\" data-attachment-id=\"10036\" data-permalink=\"https:\/\/www.paudalho.pe.gov.br\/portal\/festa-de-nossa-senhora-do-desterro-chega-a-sua-70a-edicao-em-paudalho\/whatsapp-image-2020-02-17-at-11-04-22-1\/\" data-orig-file=\"https:\/\/www.paudalho.pe.gov.br\/portal\/wp-content\/uploads\/2020\/02\/WhatsApp-Image-2020-02-17-at-11.04.22-1.jpeg\" data-orig-size=\"1280,853\" data-comments-opened=\"1\" data-image-meta=\"{&quot;aperture&quot;:&quot;0&quot;,&quot;credit&quot;:&quot;&quot;,&quot;camera&quot;:&quot;&quot;,&quot;caption&quot;:&quot;&quot;,&quot;created_timestamp&quot;:&quot;0&quot;,&quot;copyright&quot;:&quot;&quot;,&quot;focal_length&quot;:&quot;0&quot;,&quot;iso&quot;:&quot;0&quot;,&quot;shutter_speed&quot;:&quot;0&quot;,&quot;title&quot;:&quot;&quot;,&quot;orientation&quot;:&quot;0&quot;}\" data-image-title=\"WhatsApp-Image-2020-02-17-at-11.04.22-1\" data-image-description=\"\" data-image-caption=\"\" data-medium-file=\"https:\/\/www.paudalho.pe.gov.br\/portal\/wp-content\/uploads\/2020\/02\/WhatsApp-Image-2020-02-17-at-11.04.22-1-350x230.jpeg\" data-large-file=\"https:\/\/www.paudalho.pe.gov.br\/portal\/wp-content\/uploads\/2020\/02\/WhatsApp-Image-2020-02-17-at-11.04.22-1-800x450.jpeg\" src=\"https:\/\/i2.wp.com\/www.paudalho.pe.gov.br\/portal\/wp-content\/uploads\/2020\/02\/WhatsApp-Image-2020-02-17-at-11.04.22-1.jpeg?resize=800%2C450&amp;ssl=1\" alt=\"\" class=\"wp-image-10036\" srcset=\"https:\/\/www.paudalho.pe.gov.br\/portal\/wp-content\/uploads\/2020\/02\/WhatsApp-Image-2020-02-17-at-11.04.22-1.jpeg 1280w, https:\/\/www.paudalho.pe.gov.br\/portal\/wp-content\/uploads\/2020\/02\/WhatsApp-Image-2020-02-17-at-11.04.22-1-768x512.jpeg 768w\" sizes=\"auto, (max-width: 1280px) 100vw, 1280px\" \/><figcaption><em>Na note de domingo (16), uma ciranda foi organizada durante a apresenta\u00e7\u00e3o cultural de Mestre Bi e a Ciranda Bela Rosa.  Foto:  Izak de Castro\/ PMP.  <\/em><\/figcaption><\/figure>\n","protected":false},"excerpt":{"rendered":"<p>No \u00faltimo fim de semana, dias 15 e 16, ocorreu a 70\u00aa edi\u00e7\u00e3o da Festa de Nossa Senhora do Desterro, celebra\u00e7\u00e3o marcada pela religiosidade e por apresenta\u00e7\u00f5es culturais.<\/p>\n","protected":false},"author":6,"featured_media":10033,"comment_status":"open","ping_status":"open","sticky":false,"template":"","format":"standard","meta":{"_jetpack_newsletter_access":"","_jetpack_dont_email_post_to_subs":false,"_jetpack_newsletter_tier_id":0,"_jetpack_memberships_contains_paywalled_content":false,"_jetpack_memberships_contains_paid_content":false,"footnotes":""},"categories":[6,2],"tags":[605,604],"class_list":["post-10031","post","type-post","status-publish","format-standard","has-post-thumbnail","hentry","category-cultura","category-destaque","tag-celebracao","tag-festa-de-nossa-senhora-do-desterro"],"jetpack_featured_media_url":"https:\/\/www.paudalho.pe.gov.br\/portal\/wp-content\/uploads\/2020\/02\/WhatsApp-Image-2020-02-17-at-11.04.24.jpeg","jetpack_sharing_enabled":true,"jetpack_shortlink":"https:\/\/wp.me\/p98mS2-2BN","_links":{"self":[{"href":"https:\/\/www.paudalho.pe.gov.br\/portal\/wp-json\/wp\/v2\/posts\/10031","targetHints":{"allow":["GET"]}}],"collection":[{"href":"https:\/\/www.paudalho.pe.gov.br\/portal\/wp-json\/wp\/v2\/posts"}],"about":[{"href":"https:\/\/www.paudalho.pe.gov.br\/portal\/wp-json\/wp\/v2\/types\/post"}],"author":[{"embeddable":true,"href":"https:\/\/www.paudalho.pe.gov.br\/portal\/wp-json\/wp\/v2\/users\/6"}],"replies":[{"embeddable":true,"href":"https:\/\/www.paudalho.pe.gov.br\/portal\/wp-json\/wp\/v2\/comments?post=10031"}],"version-history":[{"count":9,"href":"https:\/\/www.paudalho.pe.gov.br\/portal\/wp-json\/wp\/v2\/posts\/10031\/revisions"}],"predecessor-version":[{"id":10046,"href":"https:\/\/www.paudalho.pe.gov.br\/portal\/wp-json\/wp\/v2\/posts\/10031\/revisions\/10046"}],"wp:featuredmedia":[{"embeddable":true,"href":"https:\/\/www.paudalho.pe.gov.br\/portal\/wp-json\/wp\/v2\/media\/10033"}],"wp:attachment":[{"href":"https:\/\/www.paudalho.pe.gov.br\/portal\/wp-json\/wp\/v2\/media?parent=10031"}],"wp:term":[{"taxonomy":"category","embeddable":true,"href":"https:\/\/www.paudalho.pe.gov.br\/portal\/wp-json\/wp\/v2\/categories?post=10031"},{"taxonomy":"post_tag","embeddable":true,"href":"https:\/\/www.paudalho.pe.gov.br\/portal\/wp-json\/wp\/v2\/tags?post=10031"}],"curies":[{"name":"wp","href":"https:\/\/api.w.org\/{rel}","templated":true}]}}