{"id":10015,"date":"2020-02-15T16:10:21","date_gmt":"2020-02-15T19:10:21","guid":{"rendered":"https:\/\/www.paudalho.pe.gov.br\/portal\/?p=10015"},"modified":"2020-02-15T16:32:15","modified_gmt":"2020-02-15T19:32:15","slug":"desfiles-de-agremiacoes-programacao-infantil-e-atracoes-musicais-marcam-carnaval-2020-em-paudalho","status":"publish","type":"post","link":"https:\/\/www.paudalho.pe.gov.br\/portal\/desfiles-de-agremiacoes-programacao-infantil-e-atracoes-musicais-marcam-carnaval-2020-em-paudalho\/","title":{"rendered":"Desfiles de agremia\u00e7\u00f5es, programa\u00e7\u00e3o infantil e atra\u00e7\u00f5es musicais marcam Carnaval 2020 em Paudalho"},"content":{"rendered":"\n<p>A Prefeitura do Paudalho por meio da Secretaria de Cultura divulgou a programa\u00e7\u00e3o do Carnaval 2020. No munic\u00edpio, a Festa de Momo ser\u00e1 dividida em tr\u00eas Polos: Banho de Frevo Infantil e Adulto (no P\u00e1tio de Eventos Beira-Rio, no Centro da cidade) e o Cultural (montado na Pra\u00e7a Pedro Coutinho, tamb\u00e9m no Centro). A festa ser\u00e1 democr\u00e1tica e reunir\u00e1 desde o frevo, com atra\u00e7\u00f5es como Elba Ramalho e Andr\u00e9 Rio at\u00e9 o bregafunk de Kevin O Chris, Dad\u00e1 Bolad\u00e3o e MC Tr\u00f3ia.<\/p>\n\n\n\n<p>No domingo, dia 23 fevereiro, a programa\u00e7\u00e3o come\u00e7a \u00e0s 13h, no Banho de Frevo Adulto com a Orquestra do Clube Lenhadores. As 15h, Dad\u00e1 Bolad\u00e3o anima a festa e \u00e0s 16h \u00e9 a vez de N\u00e1dia Maia se apresentar. As 18h, MC Tr\u00f3ia sobe ao palco. A festa ser\u00e1 retomada \u00e0s 22h, no Polo Cultural com Laur\u00e1 e a meia-noite com Carlinhos Beleza. <\/p>\n\n\n\n<p>Na segunda-feira, dia 24, a celebra\u00e7\u00e3o \u00e9 retomada no\nBanho de Frevo, \u00e0s 13h, com a Orquestra do Clube Estrela do Paudalho. \u00c1s 14h\ntem mais frevo com o cantor Andr\u00e9 Rio, \u00e1s 15h45 \u00e9 a vez de Elvis e \u00e0s 17h,\nAndr\u00e9 Marreta. A programa\u00e7\u00e3o \u00e9 retomada no Polo Cultural \u00e0s 22h, com Chicote\nEl\u00e9trico e a meia-noite com Marrom Brasileiro.<\/p>\n\n\n\n<p>Na ter\u00e7a-feira, dia 25, tem mais, \u00e0s 13h, com a Orquestra Cruzeiro do Sul e \u00e0s 15h com o cantor, Roginho. \u00c0s 16h o frevo contagiante de Elba Ramalho vai tomar conta da celebra\u00e7\u00e3o e \u00e0s 18h, Kevin O Chris \u00e9 quem comandar\u00e1 a festa. A programa\u00e7\u00e3o recome\u00e7a no Polo Cultural \u00e0s 22h com Asas da Am\u00e9rica e a meia-noite com a Banda Pinguim.<\/p>\n\n\n\n<h3 class=\"wp-block-heading\">Crian\u00e7as tamb\u00e9m se divertem <\/h3>\n\n\n\n<p>Com o objetivo de proporcionar um espa\u00e7o seguro para que as crian\u00e7as possam celebrar, pelo terceiro ano, a Secret\u00e1ria de Cultura e Turismo promove o Banho de Frevo Infantil que ocorrer\u00e1 tamb\u00e9m no P\u00e1tio de Eventos Beira-Rio. A programa\u00e7\u00e3o come\u00e7a no domingo (23), \u00e0s 10h, com o Bal\u00e3o da Alegria. Na segunda-feira (24) a celebra\u00e7\u00e3o fica por conta da Barca Maluca, a partir das 10h e na ter\u00e7a-feira (25) com a Nave Moleca, no mesmo hor\u00e1rio. <\/p>\n\n\n\n<figure class=\"wp-block-image size-large\"><img loading=\"lazy\" decoding=\"async\" width=\"2000\" height=\"1333\" data-attachment-id=\"10017\" data-permalink=\"https:\/\/www.paudalho.pe.gov.br\/portal\/desfiles-de-agremiacoes-programacao-infantil-e-atracoes-musicais-marcam-carnaval-2020-em-paudalho\/3f9a5426-2\/\" data-orig-file=\"https:\/\/www.paudalho.pe.gov.br\/portal\/wp-content\/uploads\/2020\/02\/3F9A5426.jpg\" data-orig-size=\"2000,1333\" data-comments-opened=\"1\" data-image-meta=\"{&quot;aperture&quot;:&quot;4&quot;,&quot;credit&quot;:&quot;&quot;,&quot;camera&quot;:&quot;Canon EOS 5D Mark III&quot;,&quot;caption&quot;:&quot;&quot;,&quot;created_timestamp&quot;:&quot;1551609254&quot;,&quot;copyright&quot;:&quot;&quot;,&quot;focal_length&quot;:&quot;200&quot;,&quot;iso&quot;:&quot;200&quot;,&quot;shutter_speed&quot;:&quot;0.003125&quot;,&quot;title&quot;:&quot;&quot;,&quot;orientation&quot;:&quot;1&quot;}\" data-image-title=\"3F9A5426\" data-image-description=\"\" data-image-caption=\"\" data-medium-file=\"https:\/\/www.paudalho.pe.gov.br\/portal\/wp-content\/uploads\/2020\/02\/3F9A5426-350x230.jpg\" data-large-file=\"https:\/\/www.paudalho.pe.gov.br\/portal\/wp-content\/uploads\/2020\/02\/3F9A5426-800x450.jpg\" src=\"https:\/\/i1.wp.com\/www.paudalho.pe.gov.br\/portal\/wp-content\/uploads\/2020\/02\/3F9A5426.jpg?resize=800%2C450&amp;ssl=1\" alt=\"\" class=\"wp-image-10017\" srcset=\"https:\/\/www.paudalho.pe.gov.br\/portal\/wp-content\/uploads\/2020\/02\/3F9A5426.jpg 2000w, https:\/\/www.paudalho.pe.gov.br\/portal\/wp-content\/uploads\/2020\/02\/3F9A5426-768x512.jpg 768w, https:\/\/www.paudalho.pe.gov.br\/portal\/wp-content\/uploads\/2020\/02\/3F9A5426-1536x1024.jpg 1536w\" sizes=\"auto, (max-width: 2000px) 100vw, 2000px\" \/><\/figure>\n\n\n\n<p><\/p>\n\n\n\n<h3 class=\"wp-block-heading\">Polo Cultural <\/h3>\n\n\n\n<p>Montado pr\u00f3ximo \u00e0 Pra\u00e7a Pedro Coutinho, no Centro da cidade, o Polo Cultural tamb\u00e9m promete agitar a Festa de Momo com um verdadeiro desfile de cultura. <\/p>\n\n\n\n<figure class=\"wp-block-image size-full\"><img loading=\"lazy\" decoding=\"async\" width=\"1280\" height=\"853\" data-attachment-id=\"10016\" data-permalink=\"https:\/\/www.paudalho.pe.gov.br\/portal\/desfiles-de-agremiacoes-programacao-infantil-e-atracoes-musicais-marcam-carnaval-2020-em-paudalho\/5dd74922-78a3-45f4-9306-7690c6d0f609-2\/\" data-orig-file=\"https:\/\/www.paudalho.pe.gov.br\/portal\/wp-content\/uploads\/2020\/02\/5dd74922-78a3-45f4-9306-7690c6d0f609.jpg\" data-orig-size=\"1280,853\" data-comments-opened=\"1\" data-image-meta=\"{&quot;aperture&quot;:&quot;0&quot;,&quot;credit&quot;:&quot;&quot;,&quot;camera&quot;:&quot;&quot;,&quot;caption&quot;:&quot;&quot;,&quot;created_timestamp&quot;:&quot;0&quot;,&quot;copyright&quot;:&quot;&quot;,&quot;focal_length&quot;:&quot;0&quot;,&quot;iso&quot;:&quot;0&quot;,&quot;shutter_speed&quot;:&quot;0&quot;,&quot;title&quot;:&quot;&quot;,&quot;orientation&quot;:&quot;0&quot;}\" data-image-title=\"5dd74922-78a3-45f4-9306-7690c6d0f609\" data-image-description=\"\" data-image-caption=\"\" data-medium-file=\"https:\/\/www.paudalho.pe.gov.br\/portal\/wp-content\/uploads\/2020\/02\/5dd74922-78a3-45f4-9306-7690c6d0f609-350x230.jpg\" data-large-file=\"https:\/\/www.paudalho.pe.gov.br\/portal\/wp-content\/uploads\/2020\/02\/5dd74922-78a3-45f4-9306-7690c6d0f609-800x450.jpg\" src=\"https:\/\/www.paudalho.pe.gov.br\/portal\/wp-content\/uploads\/2020\/02\/5dd74922-78a3-45f4-9306-7690c6d0f609.jpg\" alt=\"\" class=\"wp-image-10016\" srcset=\"https:\/\/www.paudalho.pe.gov.br\/portal\/wp-content\/uploads\/2020\/02\/5dd74922-78a3-45f4-9306-7690c6d0f609.jpg 1280w, https:\/\/www.paudalho.pe.gov.br\/portal\/wp-content\/uploads\/2020\/02\/5dd74922-78a3-45f4-9306-7690c6d0f609-768x512.jpg 768w\" sizes=\"auto, (max-width: 1280px) 100vw, 1280px\" \/><\/figure>\n\n\n\n<p>A programa\u00e7\u00e3o come\u00e7ar\u00e1 no domingo (23) com o bloco Pinto da Madrugada, \u00e0s 4h da manh\u00e3, e em seguida haver\u00e1 o Cortejo de Bois, \u00e0s 10h. No dia tamb\u00e9m haver\u00e1 os desfiles dos maracatus: Le\u00e3o Mimoso, Le\u00e3o Teimoso, \u00c1guia de Ouro de Igarassu, Le\u00e3o Charmoso de Lagoa do Carro, Pantera da Vila de Ch\u00e3 de Alegria, Drag\u00e3o Devorador de Igarassu, Estrela da Tarde de Lagoa do Carro, Cambinda Nova de Lagoa de Itaenga e Le\u00e3ozinho das Flores de Itamb\u00e9. Os desfiles seguem ocorrendo com o Caboclo Urub\u00e1, Bloco Juntos e Misturados, Escola de Samba Unidos da Primavera, Bloco L\u00edrico Flor do Tamarindo, Z\u00e9 Linguada, Clube Carnavalesco Cruzeiro do Sul, Clube estrela do Paudalho, Blocos L\u00edricos Magia L\u00edrica e Som da Serenata, La Ursa de Ch\u00e3 do Pinheiro e Escola de Samba Imp\u00e9rio de Bel\u00e9m. <\/p>\n\n\n\n<p>Na segunda-feira (24) tem mais show de cultura! Passam pelo Polo o Bloco do Laser, Cavalo Babau e os maracatus: Pav\u00e3o Dourado de Feira Nova, Le\u00e3o da Serra e \u00c1guia Dourada, de Carpina, Le\u00e3o Vencedor das Flores de Buenos Aires, Le\u00e3ozinho de Itaquitinga, Le\u00e3o Mimoso de Buenos Aires, Le\u00e3o Misterioso de Nazar\u00e9 da Mata, Camelo Manso de Gl\u00f3ria do Goit\u00e1, On\u00e7a Dourada de Alian\u00e7a, Le\u00e3o Vencedor de Ch\u00e3 de Alegria, Brilhando de Carpina e ainda os blocos Meninos da Vila, da Castanha, e Caprichoso de S\u00e3o Miguel. Ainda passam pelo local a Escola de Samba Esta\u00e7\u00e3o da Primavera, Clube Carnavalesco Cruzeiro do Sul, Clube Lenhadores do Paudalho, Bloco L\u00edrico Magia L\u00edrica e La Ursa de Ch\u00e3 de Pinheiro. <\/p>\n\n\n\n<p>Na ter\u00e7a-feira (25) a programa\u00e7\u00e3o \u00e9 aberta no Polo com\nos desfiles dos maracatus: Pinguim de Ara\u00e7oiaba, Vencedor de Carpina, \u00c1guia\nDourada de Nazar\u00e9 da Mata, Le\u00e3o da Floresta de Vic\u00eancia, Cambinda Estrela de\nItaquitinga, Estrela da Serra de Tracunha\u00e9m, Le\u00e3ozinho de Alian\u00e7a, Le\u00e3o da\nFloresta de Lagoa de Itaenga, Estrela Brilhante de Nazar\u00e9 da Mata, Le\u00e3o da\nSerra de Goiana e ainda os desfiles com a Escola de Samba Gigantes do Samba,\nClubes Lenhadores e Estrela do Paudalho, Bloco Magia L\u00edrica, Bloco L\u00edrico Som\nda Serenata e a La Ursa de Ch\u00e3 de Pinheiro.<\/p>\n\n\n\n<p>Na quarta-feira (26) ingrata, a programa\u00e7\u00e3o \u00e9 encerrada com os blocos: O Camel\u00f4 e Os Bact\u00e9rias. <\/p>\n\n\n\n<p><\/p>\n","protected":false},"excerpt":{"rendered":"<p>A Prefeitura do Paudalho por meio da Secretaria de Cultura divulgou a programa\u00e7\u00e3o do Carnaval 2020. No munic\u00edpio, a Festa de Momo ser\u00e1 dividida em tr\u00eas Polos: Banho de Frevo Infantil e Adulto (no P\u00e1tio de Eventos Beira-Rio, no Centro da cidade) e o Cultural (montado na Pra\u00e7a Pedro Coutinho, tamb\u00e9m no Centro). A festa [&hellip;]<\/p>\n","protected":false},"author":4,"featured_media":2556,"comment_status":"open","ping_status":"open","sticky":false,"template":"","format":"standard","meta":{"_jetpack_newsletter_access":"","_jetpack_dont_email_post_to_subs":false,"_jetpack_newsletter_tier_id":0,"_jetpack_memberships_contains_paywalled_content":false,"_jetpack_memberships_contains_paid_content":false,"footnotes":""},"categories":[6,2,1],"tags":[38,445,602,14],"class_list":["post-10015","post","type-post","status-publish","format-standard","has-post-thumbnail","hentry","category-cultura","category-destaque","category-noticias","tag-carnaval","tag-elba-ramalho","tag-kevyn-o-chris","tag-paudalho"],"jetpack_featured_media_url":"https:\/\/www.paudalho.pe.gov.br\/portal\/wp-content\/uploads\/2018\/02\/28058688_884492951674455_6646788042224928153_n.jpg","jetpack_sharing_enabled":true,"jetpack_shortlink":"https:\/\/wp.me\/p98mS2-2Bx","_links":{"self":[{"href":"https:\/\/www.paudalho.pe.gov.br\/portal\/wp-json\/wp\/v2\/posts\/10015","targetHints":{"allow":["GET"]}}],"collection":[{"href":"https:\/\/www.paudalho.pe.gov.br\/portal\/wp-json\/wp\/v2\/posts"}],"about":[{"href":"https:\/\/www.paudalho.pe.gov.br\/portal\/wp-json\/wp\/v2\/types\/post"}],"author":[{"embeddable":true,"href":"https:\/\/www.paudalho.pe.gov.br\/portal\/wp-json\/wp\/v2\/users\/4"}],"replies":[{"embeddable":true,"href":"https:\/\/www.paudalho.pe.gov.br\/portal\/wp-json\/wp\/v2\/comments?post=10015"}],"version-history":[{"count":9,"href":"https:\/\/www.paudalho.pe.gov.br\/portal\/wp-json\/wp\/v2\/posts\/10015\/revisions"}],"predecessor-version":[{"id":10027,"href":"https:\/\/www.paudalho.pe.gov.br\/portal\/wp-json\/wp\/v2\/posts\/10015\/revisions\/10027"}],"wp:featuredmedia":[{"embeddable":true,"href":"https:\/\/www.paudalho.pe.gov.br\/portal\/wp-json\/wp\/v2\/media\/2556"}],"wp:attachment":[{"href":"https:\/\/www.paudalho.pe.gov.br\/portal\/wp-json\/wp\/v2\/media?parent=10015"}],"wp:term":[{"taxonomy":"category","embeddable":true,"href":"https:\/\/www.paudalho.pe.gov.br\/portal\/wp-json\/wp\/v2\/categories?post=10015"},{"taxonomy":"post_tag","embeddable":true,"href":"https:\/\/www.paudalho.pe.gov.br\/portal\/wp-json\/wp\/v2\/tags?post=10015"}],"curies":[{"name":"wp","href":"https:\/\/api.w.org\/{rel}","templated":true}]}}